{"id":3757,"date":"2025-10-11T16:11:28","date_gmt":"2025-10-11T19:11:28","guid":{"rendered":"https:\/\/mundodocarnaval.com.br\/?p=3757"},"modified":"2025-10-11T16:11:28","modified_gmt":"2025-10-11T19:11:28","slug":"ricardo-ferreira-e-o-novo-diretor-de-carnaval","status":"publish","type":"post","link":"https:\/\/mundodocarnaval.com.br\/pt_br\/ricardo-ferreira-e-o-novo-diretor-de-carnaval\/","title":{"rendered":"Ricardo Ferreira \u00e9 o novo Diretor de Carnaval"},"content":{"rendered":"<p>Ricardo Ferreira \u00e9 o novo Diretor de Carnaval do Le\u00e3o de Nova Igua\u00e7u<\/p>\n<p>O Le\u00e3o de Nova Igua\u00e7u anunciou oficialmente Ricardo Ferreira como seu novo Diretor de Carnaval para o desfile de 2026. Com uma trajet\u00f3ria marcada por m\u00faltiplas fun\u00e7\u00f5es no universo carnavalesco, Ricardo chega \u00e0 escola trazendo ampla experi\u00eancia e um olhar t\u00e9cnico apurado para o desenvolvimento do espet\u00e1culo.<\/p>\n<p>Atuante no Carnaval Carioca h\u00e1 v\u00e1rios anos, Ricardo Ferreira \u00e9 carnavalesco, enredista, compositor e diretor de harmonia. Desde o campeonato da Imperatriz Leopoldinense em 2023, vem exercendo a fun\u00e7\u00e3o de Diretor de Harmonia na agremia\u00e7\u00e3o, consolidando sua reputa\u00e7\u00e3o pela compet\u00eancia e comprometimento com a excel\u00eancia dos desfiles.<\/p>\n<p>Al\u00e9m disso, Ricardo tamb\u00e9m se destaca na ala dos compositores: foi o vencedor do pr\u00eamio de melhor samba-enredo do primeiro dia da S\u00e9rie Prata no \u00faltimo Carnaval e, recentemente, conquistou a disputa de samba-enredo do Arranco do Engenho de Dentro para o Carnaval de 2026. Para o pr\u00f3ximo Carnaval, Ricardo atuar\u00e1 em conjunto com Rosemberg Azevedo e Gabriel Macedo, refor\u00e7ando a equipe respons\u00e1vel por conduzir o Le\u00e3o de Nova Igua\u00e7u na Intendente Magalh\u00e3es.<\/p>\n","protected":false},"excerpt":{"rendered":"<p>Ricardo Ferreira \u00e9 o novo Diretor de Carnaval do Le\u00e3o de Nova Igua\u00e7u O Le\u00e3o de Nova Igua\u00e7u anunciou oficialmente Ricardo Ferreira como seu novo Diretor de Carnaval para o desfile de 2026. Com uma trajet\u00f3ria marcada por m\u00faltiplas fun\u00e7\u00f5es no universo carnavalesco, Ricardo chega \u00e0 escola trazendo ampla experi\u00eancia e um olhar t\u00e9cnico apurado [&hellip;]<\/p>\n","protected":false},"author":1,"featured_media":3758,"comment_status":"closed","ping_status":"closed","sticky":false,"template":"","format":"standard","meta":{"footnotes":""},"categories":[14],"tags":[],"class_list":["post-3757","post","type-post","status-publish","format-standard","has-post-thumbnail","hentry","category-gadgets"],"_links":{"self":[{"href":"https:\/\/mundodocarnaval.com.br\/pt_br\/wp-json\/wp\/v2\/posts\/3757","targetHints":{"allow":["GET"]}}],"collection":[{"href":"https:\/\/mundodocarnaval.com.br\/pt_br\/wp-json\/wp\/v2\/posts"}],"about":[{"href":"https:\/\/mundodocarnaval.com.br\/pt_br\/wp-json\/wp\/v2\/types\/post"}],"author":[{"embeddable":true,"href":"https:\/\/mundodocarnaval.com.br\/pt_br\/wp-json\/wp\/v2\/users\/1"}],"replies":[{"embeddable":true,"href":"https:\/\/mundodocarnaval.com.br\/pt_br\/wp-json\/wp\/v2\/comments?post=3757"}],"version-history":[{"count":1,"href":"https:\/\/mundodocarnaval.com.br\/pt_br\/wp-json\/wp\/v2\/posts\/3757\/revisions"}],"predecessor-version":[{"id":3759,"href":"https:\/\/mundodocarnaval.com.br\/pt_br\/wp-json\/wp\/v2\/posts\/3757\/revisions\/3759"}],"wp:featuredmedia":[{"embeddable":true,"href":"https:\/\/mundodocarnaval.com.br\/pt_br\/wp-json\/wp\/v2\/media\/3758"}],"wp:attachment":[{"href":"https:\/\/mundodocarnaval.com.br\/pt_br\/wp-json\/wp\/v2\/media?parent=3757"}],"wp:term":[{"taxonomy":"category","embeddable":true,"href":"https:\/\/mundodocarnaval.com.br\/pt_br\/wp-json\/wp\/v2\/categories?post=3757"},{"taxonomy":"post_tag","embeddable":true,"href":"https:\/\/mundodocarnaval.com.br\/pt_br\/wp-json\/wp\/v2\/tags?post=3757"}],"curies":[{"name":"wp","href":"https:\/\/api.w.org\/{rel}","templated":true}]}}