{"id":3763,"date":"2025-10-11T17:07:56","date_gmt":"2025-10-11T20:07:56","guid":{"rendered":"https:\/\/mundodocarnaval.com.br\/?p=3763"},"modified":"2025-10-11T17:09:57","modified_gmt":"2025-10-11T20:09:57","slug":"ellen-belo-representa-a-mocidade-unida-do-santa-marta","status":"publish","type":"post","link":"https:\/\/mundodocarnaval.com.br\/pt_br\/ellen-belo-representa-a-mocidade-unida-do-santa-marta\/","title":{"rendered":"Ellen Belo representa a Mocidade Unida do Santa Marta"},"content":{"rendered":"<p>Ellen Belo representa a Mocidade Unida do Santa Marta no concurso da Corte Real do Carnaval 2026<\/p>\n<p>A jovem Ellen Antonieta Duarte Belo, de 23 anos, ser\u00e1 a representante da Mocidade Unida do Santa Marta no Concurso da Corte Real do Carnaval Carioca 2026, que acontecer\u00e1 no pr\u00f3ximo dia 10 de outubro, a partir das 19h, na Cidade do Samba.<\/p>\n<p>Cria do Morro Santa Marta, Ellen carrega nas veias o amor e a tradi\u00e7\u00e3o do samba. Filha de Sebasti\u00e3o Carlos Belo, um dos fundadores da Mocidade Unida do Santa Marta, e de Eliete Duarte Faustino, a candidata cresceu cercada pelos batuques e pela energia das rodas de samba que moldaram sua trajet\u00f3ria, al\u00e9m de inspira\u00e7\u00f5es como sua tia Chininha.<\/p>\n<p>Atualmente, Ellen \u00e9 rainha dos passistas da Mocidade Unida do Santa Marta e atua ativamente na escola, participando de oficinas, montagens de fantasias e projetos sociais da agremia\u00e7\u00e3o. Al\u00e9m do samba, ela tamb\u00e9m se destaca no esporte: \u00e9 estudante de Educa\u00e7\u00e3o F\u00edsica, estagi\u00e1ria em nata\u00e7\u00e3o em \u00e1guas abertas e gin\u00e1stica art\u00edstica infantil, e atleta de cheerleading no grupo Elite All Star, com o qual representar\u00e1 o Brasil em competi\u00e7\u00e3o internacional no Chile.<\/p>\n<p>Determinada e apaixonada por suas origens, Ellen v\u00ea o concurso como uma oportunidade de celebrar sua hist\u00f3ria e representar com orgulho sua comunidade:<\/p>\n<p>\u201cTudo o que sou vem do Santa Marta. Cresci no meio do samba, aprendendo que a vida \u00e9 feita de ritmo, for\u00e7a e paix\u00e3o. \u00c9 com esse mesmo ritmo que sigo dan\u00e7ando pela vida \u2014 com o cora\u00e7\u00e3o aberto, os p\u00e9s firmes no ch\u00e3o e a alma leve\u201d, declara Ellen Belo.<\/p>\n<p>Com garra, carisma e amor \u00e0 cultura popular, Ellen promete levar o nome do Santa Marta com brilho e representatividade na disputa que escolher\u00e1 os novos soberanos do Carnaval Carioca 2026.<\/p>\n","protected":false},"excerpt":{"rendered":"<p>Ellen Belo representa a Mocidade Unida do Santa Marta no concurso da Corte Real do Carnaval 2026 A jovem Ellen Antonieta Duarte Belo, de 23 anos, ser\u00e1 a representante da Mocidade Unida do Santa Marta no Concurso da Corte Real do Carnaval Carioca 2026, que acontecer\u00e1 no pr\u00f3ximo dia 10 de outubro, a partir das [&hellip;]<\/p>\n","protected":false},"author":1,"featured_media":3765,"comment_status":"closed","ping_status":"closed","sticky":false,"template":"","format":"standard","meta":{"footnotes":""},"categories":[14],"tags":[],"class_list":["post-3763","post","type-post","status-publish","format-standard","has-post-thumbnail","hentry","category-gadgets"],"_links":{"self":[{"href":"https:\/\/mundodocarnaval.com.br\/pt_br\/wp-json\/wp\/v2\/posts\/3763","targetHints":{"allow":["GET"]}}],"collection":[{"href":"https:\/\/mundodocarnaval.com.br\/pt_br\/wp-json\/wp\/v2\/posts"}],"about":[{"href":"https:\/\/mundodocarnaval.com.br\/pt_br\/wp-json\/wp\/v2\/types\/post"}],"author":[{"embeddable":true,"href":"https:\/\/mundodocarnaval.com.br\/pt_br\/wp-json\/wp\/v2\/users\/1"}],"replies":[{"embeddable":true,"href":"https:\/\/mundodocarnaval.com.br\/pt_br\/wp-json\/wp\/v2\/comments?post=3763"}],"version-history":[{"count":1,"href":"https:\/\/mundodocarnaval.com.br\/pt_br\/wp-json\/wp\/v2\/posts\/3763\/revisions"}],"predecessor-version":[{"id":3764,"href":"https:\/\/mundodocarnaval.com.br\/pt_br\/wp-json\/wp\/v2\/posts\/3763\/revisions\/3764"}],"wp:featuredmedia":[{"embeddable":true,"href":"https:\/\/mundodocarnaval.com.br\/pt_br\/wp-json\/wp\/v2\/media\/3765"}],"wp:attachment":[{"href":"https:\/\/mundodocarnaval.com.br\/pt_br\/wp-json\/wp\/v2\/media?parent=3763"}],"wp:term":[{"taxonomy":"category","embeddable":true,"href":"https:\/\/mundodocarnaval.com.br\/pt_br\/wp-json\/wp\/v2\/categories?post=3763"},{"taxonomy":"post_tag","embeddable":true,"href":"https:\/\/mundodocarnaval.com.br\/pt_br\/wp-json\/wp\/v2\/tags?post=3763"}],"curies":[{"name":"wp","href":"https:\/\/api.w.org\/{rel}","templated":true}]}}