{"id":3766,"date":"2025-10-11T17:15:09","date_gmt":"2025-10-11T20:15:09","guid":{"rendered":"https:\/\/mundodocarnaval.com.br\/?p=3766"},"modified":"2025-10-11T17:15:09","modified_gmt":"2025-10-11T20:15:09","slug":"salgueiro-convida-esta-de-volta-neste-sabado-com-portela","status":"publish","type":"post","link":"https:\/\/mundodocarnaval.com.br\/pt_br\/salgueiro-convida-esta-de-volta-neste-sabado-com-portela\/","title":{"rendered":"\u2018Salgueiro Convida\u2019 est\u00e1 de volta neste s\u00e1bado com Portela"},"content":{"rendered":"<p>\u2018Salgueiro Convida\u2019 est\u00e1 de volta neste s\u00e1bado com Portela como convidada<\/p>\n<p>O evento queridinho dos sambistas est\u00e1 de volta e, neste s\u00e1bado, dia 11 de outubro, o Acad\u00eamicos do Salgueiro convida todos para curtir mais uma edi\u00e7\u00e3o especial do Salgueiro Convida, evento tradicional que re\u00fane grandes escolas de samba na quadra da Vermelho e Branco. Desta vez, a centen\u00e1ria do samba, Portela, promete agitar o palco da Academia do Samba.<\/p>\n<p>A programa\u00e7\u00e3o na Rua Silva Teles come\u00e7a \u00e0s 20h30, com um animado grupo de pagode e na sequ\u00eancia, os segmentos do Salgueiro entram em cena, sob o comando do diretor art\u00edstico Carlinhos Salgueiro e da Bateria Furiosa, liderada pelos mestres Guilherme e Gustavo. Al\u00e9m disso, neste s\u00e1bado ser\u00e1 a primeira apresenta\u00e7\u00e3o do samba de 2026 do Salgueiro na quadra da escola.  <\/p>\n<p>O destaque da noite fica com a apresenta\u00e7\u00e3o da co-irm\u00e3 convidada, Portela, que levar\u00e1 ao palco grandes sambas inesquec\u00edveis da azul e branco de Madureira. <\/p>\n<p>FOTOS: Anderson Borde \/ GRES Acad\u00eamicos do Salgueiro<\/p>\n<p>SERVI\u00c7O:<\/p>\n<p>Salgueiro Convida: Portela &#8211; 2025<\/p>\n<p>Data: S\u00e1bado, 11 de outubro de 2025<br \/>\nHor\u00e1rio: A partir das 20h30<br \/>\nLocal: Quadra do GRES Acad\u00eamicos do Salgueiro \u2013 Rua Silva Teles, 104, Andara\u00ed \u2013 Rio de Janeiro\/RJ<br \/>\nAtra\u00e7\u00f5es: Segmentos do Salgueiro e Escola convidada Portela com seus segmentos.<\/p>\n<p>Ingressos: Guiche Web <\/p>\n<p>Pista: R$ 40,00<br \/>\nJirau: R$ 50,00<br \/>\nMesa: R$ 200,00<br \/>\nCamarote Lateral: R$ 800,00<br \/>\nCamarote Frontal: R$ 1000,00<\/p>\n","protected":false},"excerpt":{"rendered":"<p>\u2018Salgueiro Convida\u2019 est\u00e1 de volta neste s\u00e1bado com Portela como convidada O evento queridinho dos sambistas est\u00e1 de volta e, neste s\u00e1bado, dia 11 de outubro, o Acad\u00eamicos do Salgueiro convida todos para curtir mais uma edi\u00e7\u00e3o especial do Salgueiro Convida, evento tradicional que re\u00fane grandes escolas de samba na quadra da Vermelho e Branco. [&hellip;]<\/p>\n","protected":false},"author":1,"featured_media":3767,"comment_status":"closed","ping_status":"closed","sticky":false,"template":"","format":"standard","meta":{"footnotes":""},"categories":[12],"tags":[],"class_list":["post-3766","post","type-post","status-publish","format-standard","has-post-thumbnail","hentry","category-grupo-especial"],"_links":{"self":[{"href":"https:\/\/mundodocarnaval.com.br\/pt_br\/wp-json\/wp\/v2\/posts\/3766","targetHints":{"allow":["GET"]}}],"collection":[{"href":"https:\/\/mundodocarnaval.com.br\/pt_br\/wp-json\/wp\/v2\/posts"}],"about":[{"href":"https:\/\/mundodocarnaval.com.br\/pt_br\/wp-json\/wp\/v2\/types\/post"}],"author":[{"embeddable":true,"href":"https:\/\/mundodocarnaval.com.br\/pt_br\/wp-json\/wp\/v2\/users\/1"}],"replies":[{"embeddable":true,"href":"https:\/\/mundodocarnaval.com.br\/pt_br\/wp-json\/wp\/v2\/comments?post=3766"}],"version-history":[{"count":1,"href":"https:\/\/mundodocarnaval.com.br\/pt_br\/wp-json\/wp\/v2\/posts\/3766\/revisions"}],"predecessor-version":[{"id":3768,"href":"https:\/\/mundodocarnaval.com.br\/pt_br\/wp-json\/wp\/v2\/posts\/3766\/revisions\/3768"}],"wp:featuredmedia":[{"embeddable":true,"href":"https:\/\/mundodocarnaval.com.br\/pt_br\/wp-json\/wp\/v2\/media\/3767"}],"wp:attachment":[{"href":"https:\/\/mundodocarnaval.com.br\/pt_br\/wp-json\/wp\/v2\/media?parent=3766"}],"wp:term":[{"taxonomy":"category","embeddable":true,"href":"https:\/\/mundodocarnaval.com.br\/pt_br\/wp-json\/wp\/v2\/categories?post=3766"},{"taxonomy":"post_tag","embeddable":true,"href":"https:\/\/mundodocarnaval.com.br\/pt_br\/wp-json\/wp\/v2\/tags?post=3766"}],"curies":[{"name":"wp","href":"https:\/\/api.w.org\/{rel}","templated":true}]}}