{"id":3769,"date":"2025-10-11T17:32:10","date_gmt":"2025-10-11T20:32:10","guid":{"rendered":"https:\/\/mundodocarnaval.com.br\/?p=3769"},"modified":"2025-10-11T17:32:10","modified_gmt":"2025-10-11T20:32:10","slug":"uniao-de-marica-divulga-samba-enredo","status":"publish","type":"post","link":"https:\/\/mundodocarnaval.com.br\/pt_br\/uniao-de-marica-divulga-samba-enredo\/","title":{"rendered":"Uni\u00e3o de Maric\u00e1 divulga samba-enredo"},"content":{"rendered":"<p>Uni\u00e3o de Maric\u00e1 divulga samba-enredo para 2026 na voz de Z\u00e9 Paulo Sierra<br \/>\nInt\u00e9rprete grava vers\u00e3o da escola ap\u00f3s pequenos ajustes rumo ao desfile oficial<\/p>\n<p>A Uni\u00e3o de Maric\u00e1 divulgou nesta sexta-feira (10) a vers\u00e3o final do seu samba-enredo para o Carnaval 2026, interpretada por Z\u00e9 Paulo Sierra. Com o enredo \u201cBerenguend\u00e9ns e Balangand\u00e3ns\u201d, assinado pelo carnavalesco Leandro Vieira, a escola busca o t\u00edtulo da S\u00e9rie Ouro e o t\u00e3o sonhado acesso ao Grupo Especial, exaltando a joalheria preta do Brasil e sua principal pe\u00e7a: o balangand\u00e3.<\/p>\n<p>A obra tem as assinaturas dos compositores Babby do Cavaco, Rafael Gigante, Marcelo Adnet, H\u00e9lio Porto, Jefferson Oliveira e Andr\u00e9 do Posto 7.<\/p>\n<p>Conhe\u00e7a a letra:<\/p>\n<p>N\u00eaga da Ladeira do Pel\u00f4<br \/>\nTens o som de Salvador<br \/>\nE a magia que fulgura<br \/>\nRevolucionar \u00e9 seu papel<br \/>\nE a arte do cinzel<br \/>\nTu carregas na cintura<br \/>\nJunto ao tabuleiro nas manh\u00e3s<br \/>\nH\u00e1 o sonho das irm\u00e3s<br \/>\nQue anseiam liberdade<br \/>\nEcoa toda Nzinga de Matamba<br \/>\nA mandinga e a demanda<br \/>\nRealeza, identidade<\/p>\n<p>Balan\u00e7o que lembra meu adarrrum<br \/>\nNa armadura de Ogum, mem\u00f3ria ancestral<br \/>\nAdorno que guardo no meu il\u00ea<br \/>\nHeran\u00e7a dos Mal\u00eas&#8230; \u00e9 forja do metal!<\/p>\n<p>Santa luz da rebeldia que moldou o Livramento<br \/>\nSomos joias da princesa, filhas do empoderamento<br \/>\nPenduricalho que te entrego de lembran\u00e7a<br \/>\nGuarda a f\u00e9, o fogo e o talho&#8230; resplandece a esperan\u00e7a<\/p>\n<p>Eu pe\u00e7o aos meus orix\u00e1s<br \/>\nEntrego todo ax\u00e9<br \/>\nA n\u00eaga pode e vai ter o que quiser<\/p>\n<p>Tantas pretas consagradas<br \/>\nMeu espelho com orgulho<br \/>\nA quem renega a mulherada:<br \/>\nV\u00e1 dormir com esse barulho!<\/p>\n<p>Balangand\u00e3s, berenguend\u00e9ns<br \/>\nCanta Maric\u00e1 o que a baiana tem<br \/>\nPertencimento que reluz no amuleto<br \/>\nClaro, tinha que ser preto!<\/p>\n<p>Visando o desfile oficial, a Uni\u00e3o de Maric\u00e1 dar\u00e1 o pontap\u00e9 inicial \u00e0 temporada de ensaios neste s\u00e1bado (11), durante a sua feijoada. O evento vai marcar o primeiro contato da comunidade com o samba do pr\u00f3ximo carnaval, sob a lideran\u00e7a de Z\u00e9 Paulo Sierra. Em 2026, a escola desfilar\u00e1 como a sexta escola de s\u00e1bado, 14 de fevereiro, na Marqu\u00eas de Sapuca\u00ed, pela S\u00e9rie Ouro.<\/p>\n<p>Fotos: Ney Junior \u00c1udio do samba-enredo anexado ao e-mail.<\/p>\n","protected":false},"excerpt":{"rendered":"<p>Uni\u00e3o de Maric\u00e1 divulga samba-enredo para 2026 na voz de Z\u00e9 Paulo Sierra Int\u00e9rprete grava vers\u00e3o da escola ap\u00f3s pequenos ajustes rumo ao desfile oficial A Uni\u00e3o de Maric\u00e1 divulgou nesta sexta-feira (10) a vers\u00e3o final do seu samba-enredo para o Carnaval 2026, interpretada por Z\u00e9 Paulo Sierra. Com o enredo \u201cBerenguend\u00e9ns e Balangand\u00e3ns\u201d, assinado [&hellip;]<\/p>\n","protected":false},"author":1,"featured_media":3771,"comment_status":"closed","ping_status":"closed","sticky":false,"template":"","format":"standard","meta":{"footnotes":""},"categories":[1],"tags":[],"class_list":["post-3769","post","type-post","status-publish","format-standard","has-post-thumbnail","hentry","category-videos-em-destaques"],"_links":{"self":[{"href":"https:\/\/mundodocarnaval.com.br\/pt_br\/wp-json\/wp\/v2\/posts\/3769","targetHints":{"allow":["GET"]}}],"collection":[{"href":"https:\/\/mundodocarnaval.com.br\/pt_br\/wp-json\/wp\/v2\/posts"}],"about":[{"href":"https:\/\/mundodocarnaval.com.br\/pt_br\/wp-json\/wp\/v2\/types\/post"}],"author":[{"embeddable":true,"href":"https:\/\/mundodocarnaval.com.br\/pt_br\/wp-json\/wp\/v2\/users\/1"}],"replies":[{"embeddable":true,"href":"https:\/\/mundodocarnaval.com.br\/pt_br\/wp-json\/wp\/v2\/comments?post=3769"}],"version-history":[{"count":1,"href":"https:\/\/mundodocarnaval.com.br\/pt_br\/wp-json\/wp\/v2\/posts\/3769\/revisions"}],"predecessor-version":[{"id":3772,"href":"https:\/\/mundodocarnaval.com.br\/pt_br\/wp-json\/wp\/v2\/posts\/3769\/revisions\/3772"}],"wp:featuredmedia":[{"embeddable":true,"href":"https:\/\/mundodocarnaval.com.br\/pt_br\/wp-json\/wp\/v2\/media\/3771"}],"wp:attachment":[{"href":"https:\/\/mundodocarnaval.com.br\/pt_br\/wp-json\/wp\/v2\/media?parent=3769"}],"wp:term":[{"taxonomy":"category","embeddable":true,"href":"https:\/\/mundodocarnaval.com.br\/pt_br\/wp-json\/wp\/v2\/categories?post=3769"},{"taxonomy":"post_tag","embeddable":true,"href":"https:\/\/mundodocarnaval.com.br\/pt_br\/wp-json\/wp\/v2\/tags?post=3769"}],"curies":[{"name":"wp","href":"https:\/\/api.w.org\/{rel}","templated":true}]}}