{"id":3773,"date":"2025-10-11T17:47:52","date_gmt":"2025-10-11T20:47:52","guid":{"rendered":"https:\/\/mundodocarnaval.com.br\/?p=3773"},"modified":"2025-10-11T17:47:52","modified_gmt":"2025-10-11T20:47:52","slug":"unidos-de-vila-isabel-realiza-noite-de-apresentacao-dos-prototipos","status":"publish","type":"post","link":"https:\/\/mundodocarnaval.com.br\/pt_br\/unidos-de-vila-isabel-realiza-noite-de-apresentacao-dos-prototipos\/","title":{"rendered":"\u200bUnidos de Vila Isabel realiza noite de apresenta\u00e7\u00e3o dos prot\u00f3tipos"},"content":{"rendered":"<p>Unidos de Vila Isabel realiza noite de apresenta\u00e7\u00e3o dos prot\u00f3tipos para o Carnaval 2026<\/p>\n<p>A Unidos de Vila Isabel realizou, na noite desta quinta-feira (9), a apresenta\u00e7\u00e3o dos prot\u00f3tipos das fantasias que ir\u00e3o compor o desfile rumo ao Carnaval de 2026. Em um evento reservado a convidados, a agremia\u00e7\u00e3o transformou o barrac\u00e3o da Cidade do Samba em um verdadeiro reduto de boemia e arte, celebrando a tradi\u00e7\u00e3o azul e branca em uma noite marcada pela emo\u00e7\u00e3o e pela identidade carioca.<\/p>\n<p>Um grande momento do encontro foi a apresenta\u00e7\u00e3o dos croquis ao primeiro casal de mestre-sala e porta-bandeira, Raphael Rodrigues e Dandara Ventapane, que retornam \u00e0 Vila Isabel neste Carnaval. O casal n\u00e3o conteve a emo\u00e7\u00e3o ao ver pela primeira vez o figurino que vestir\u00e1 no desfile, cria\u00e7\u00e3o dos carnavalescos Gabriel Haddad e Leonardo Bora.<\/p>\n<p>\u201cVoltar \u00e0 Vila \u00e9 como voltar para casa. A emo\u00e7\u00e3o \u00e9 enorme, especialmente por poder representar novamente o pavilh\u00e3o dessa escola que tem tanta hist\u00f3ria. A fantasia \u00e9 um espet\u00e1culo \u00e0 parte, traduz toda a poesia e a for\u00e7a que o enredo prop\u00f5e. Me sinto honrada em poder vestir essa cria\u00e7\u00e3o e viver esse momento com a comunidade\u201d, declarou Dandara Ventapane, emocionada.<\/p>\n<p>Em 2026, a Vila Isabel levar\u00e1 para a Marqu\u00eas de Sapuca\u00ed o enredo \u201cMacumbemb\u00ea, Samboremb\u00e1: Sonhei que um sambista sonhou a \u00c1frica\u201d, desenvolvido por Gabriel Haddad e Leonardo Bora, com pesquisa de Vinicius Natal. O tema presta um tributo \u00e0 arte, \u00e0 ancestralidade e ao samba, celebrando a mem\u00f3ria de Heitor dos Prazeres, um dos grandes \u00edcones da cultura popular brasileira. Com uma proposta est\u00e9tica e narrativa potente, a escola promete um desfile que une mem\u00f3ria, emo\u00e7\u00e3o e identidade em busca de mais um cap\u00edtulo vitorioso de sua hist\u00f3ria.<\/p>\n","protected":false},"excerpt":{"rendered":"<p>Unidos de Vila Isabel realiza noite de apresenta\u00e7\u00e3o dos prot\u00f3tipos para o Carnaval 2026 A Unidos de Vila Isabel realizou, na noite desta quinta-feira (9), a apresenta\u00e7\u00e3o dos prot\u00f3tipos das fantasias que ir\u00e3o compor o desfile rumo ao Carnaval de 2026. Em um evento reservado a convidados, a agremia\u00e7\u00e3o transformou o barrac\u00e3o da Cidade do [&hellip;]<\/p>\n","protected":false},"author":1,"featured_media":3774,"comment_status":"closed","ping_status":"closed","sticky":false,"template":"","format":"standard","meta":{"footnotes":""},"categories":[12],"tags":[],"class_list":["post-3773","post","type-post","status-publish","format-standard","has-post-thumbnail","hentry","category-grupo-especial"],"_links":{"self":[{"href":"https:\/\/mundodocarnaval.com.br\/pt_br\/wp-json\/wp\/v2\/posts\/3773","targetHints":{"allow":["GET"]}}],"collection":[{"href":"https:\/\/mundodocarnaval.com.br\/pt_br\/wp-json\/wp\/v2\/posts"}],"about":[{"href":"https:\/\/mundodocarnaval.com.br\/pt_br\/wp-json\/wp\/v2\/types\/post"}],"author":[{"embeddable":true,"href":"https:\/\/mundodocarnaval.com.br\/pt_br\/wp-json\/wp\/v2\/users\/1"}],"replies":[{"embeddable":true,"href":"https:\/\/mundodocarnaval.com.br\/pt_br\/wp-json\/wp\/v2\/comments?post=3773"}],"version-history":[{"count":1,"href":"https:\/\/mundodocarnaval.com.br\/pt_br\/wp-json\/wp\/v2\/posts\/3773\/revisions"}],"predecessor-version":[{"id":3775,"href":"https:\/\/mundodocarnaval.com.br\/pt_br\/wp-json\/wp\/v2\/posts\/3773\/revisions\/3775"}],"wp:featuredmedia":[{"embeddable":true,"href":"https:\/\/mundodocarnaval.com.br\/pt_br\/wp-json\/wp\/v2\/media\/3774"}],"wp:attachment":[{"href":"https:\/\/mundodocarnaval.com.br\/pt_br\/wp-json\/wp\/v2\/media?parent=3773"}],"wp:term":[{"taxonomy":"category","embeddable":true,"href":"https:\/\/mundodocarnaval.com.br\/pt_br\/wp-json\/wp\/v2\/categories?post=3773"},{"taxonomy":"post_tag","embeddable":true,"href":"https:\/\/mundodocarnaval.com.br\/pt_br\/wp-json\/wp\/v2\/tags?post=3773"}],"curies":[{"name":"wp","href":"https:\/\/api.w.org\/{rel}","templated":true}]}}