{"id":3776,"date":"2025-10-11T17:53:28","date_gmt":"2025-10-11T20:53:28","guid":{"rendered":"https:\/\/mundodocarnaval.com.br\/?p=3776"},"modified":"2025-10-11T17:53:28","modified_gmt":"2025-10-11T20:53:28","slug":"mestre-vitinho-reforca-a-uniao-de-marica","status":"publish","type":"post","link":"https:\/\/mundodocarnaval.com.br\/pt_br\/mestre-vitinho-reforca-a-uniao-de-marica\/","title":{"rendered":"Mestre Vitinho refor\u00e7a a Uni\u00e3o de Maric\u00e1"},"content":{"rendered":"<p>Mestre Vitinho refor\u00e7a a Uni\u00e3o de Maric\u00e1 como presidente da bateria<br \/>\nComandante da bateria da Portela, ele assume cargo de honra na escola visando 2026; Paulinho Steves segue como mestre<\/p>\n<p>A Uni\u00e3o de Maric\u00e1 anunciou mais uma grande novidade para o Carnaval 2026. A escola confirmou, neste s\u00e1bado (11), atrav\u00e9s de suas redes sociais, a chegada de Mestre Vitinho para ocupar o cargo de presidente da bateria Maricad\u00eancia, comandada pelo Mestre Paulinho Steves. Ele foi recebido no barrac\u00e3o da escola, em S\u00e3o Crist\u00f3v\u00e3o, pelo presidente Matheus Santos e pelo int\u00e9rprete Z\u00e9 Paulo Sierra, com quem tamb\u00e9m dividir\u00e1 o trabalho na Portela, no Grupo Especial.<\/p>\n<p>Apesar de assumir um cargo oficial apenas agora, o novo presidente da bateria j\u00e1 tem hist\u00f3ria com a Uni\u00e3o de Maric\u00e1. Ele desfilou pela escola na Intendente Magalh\u00e3es, em 2022 e 2023, quando apresentou Paulinho Steves em seus dois primeiros anos \u00e0 frente da Maricad\u00eancia. Agora, retorna \u00e0 agremia\u00e7\u00e3o para ocupar um cargo de honra, refor\u00e7ando a equipe que busca o in\u00e9dito t\u00edtulo da S\u00e9rie Ouro e o acesso \u00e0 elite do carnaval carioca. Vitinho celebrou o convite e destacou a alegria de estar oficialmente na escola:<\/p>\n<p>\u201cO Paulinho \u00e9 um grande amigo, de muitos anos de conviv\u00eancia e respeito. Ser\u00e1 uma honra somar com ele nesse projeto vitorioso da Uni\u00e3o de Maric\u00e1. Agrade\u00e7o ao presidente Matheus Santos e a toda diretoria pela confian\u00e7a. A escola tem um grande time e estar novamente ao lado do Z\u00e9 Paulo, em duas casas, \u00e9 algo muito especial\u201d, disse Vitinho.<\/p>\n<p>Mestre Paulinho Steves celebrou a chegada do parceiro \u00e0 presid\u00eancia da Maricad\u00eancia. Ele destacou a import\u00e2ncia de Vitinho assumir o posto para fortalecer o trabalho conjunto com toda a dire\u00e7\u00e3o musical da agremia\u00e7\u00e3o e garantir uma trajet\u00f3ria de grandes resultados.<\/p>\n<p>\u201cO Vitinho \u00e9 um verdadeiro irm\u00e3o. T\u00ea-lo na nossa escola \u00e9 motivo de muita alegria. Sei que ele vem para somar e fortalecer ainda mais o nosso trabalho rumo a um grande carnaval, ao lado de toda bateria e toda parte musical\u201d, comentou Steves.<\/p>\n<p>Com mais esse refor\u00e7o, a Uni\u00e3o de Maric\u00e1 segue trabalhando visando a S\u00e9rie Ouro 2026. A escola ser\u00e1 a sexta a desfilar no s\u00e1bado, 14 de fevereiro, na Marqu\u00eas de Sapuca\u00ed.<\/p>\n<p>Fotos: Ney Junior<\/p>\n","protected":false},"excerpt":{"rendered":"<p>Mestre Vitinho refor\u00e7a a Uni\u00e3o de Maric\u00e1 como presidente da bateria Comandante da bateria da Portela, ele assume cargo de honra na escola visando 2026; Paulinho Steves segue como mestre A Uni\u00e3o de Maric\u00e1 anunciou mais uma grande novidade para o Carnaval 2026. A escola confirmou, neste s\u00e1bado (11), atrav\u00e9s de suas redes sociais, a [&hellip;]<\/p>\n","protected":false},"author":1,"featured_media":3777,"comment_status":"closed","ping_status":"closed","sticky":false,"template":"","format":"standard","meta":{"footnotes":""},"categories":[13],"tags":[],"class_list":["post-3776","post","type-post","status-publish","format-standard","has-post-thumbnail","hentry","category-fashion"],"_links":{"self":[{"href":"https:\/\/mundodocarnaval.com.br\/pt_br\/wp-json\/wp\/v2\/posts\/3776","targetHints":{"allow":["GET"]}}],"collection":[{"href":"https:\/\/mundodocarnaval.com.br\/pt_br\/wp-json\/wp\/v2\/posts"}],"about":[{"href":"https:\/\/mundodocarnaval.com.br\/pt_br\/wp-json\/wp\/v2\/types\/post"}],"author":[{"embeddable":true,"href":"https:\/\/mundodocarnaval.com.br\/pt_br\/wp-json\/wp\/v2\/users\/1"}],"replies":[{"embeddable":true,"href":"https:\/\/mundodocarnaval.com.br\/pt_br\/wp-json\/wp\/v2\/comments?post=3776"}],"version-history":[{"count":1,"href":"https:\/\/mundodocarnaval.com.br\/pt_br\/wp-json\/wp\/v2\/posts\/3776\/revisions"}],"predecessor-version":[{"id":3778,"href":"https:\/\/mundodocarnaval.com.br\/pt_br\/wp-json\/wp\/v2\/posts\/3776\/revisions\/3778"}],"wp:featuredmedia":[{"embeddable":true,"href":"https:\/\/mundodocarnaval.com.br\/pt_br\/wp-json\/wp\/v2\/media\/3777"}],"wp:attachment":[{"href":"https:\/\/mundodocarnaval.com.br\/pt_br\/wp-json\/wp\/v2\/media?parent=3776"}],"wp:term":[{"taxonomy":"category","embeddable":true,"href":"https:\/\/mundodocarnaval.com.br\/pt_br\/wp-json\/wp\/v2\/categories?post=3776"},{"taxonomy":"post_tag","embeddable":true,"href":"https:\/\/mundodocarnaval.com.br\/pt_br\/wp-json\/wp\/v2\/tags?post=3776"}],"curies":[{"name":"wp","href":"https:\/\/api.w.org\/{rel}","templated":true}]}}