{"id":3779,"date":"2025-10-15T19:01:31","date_gmt":"2025-10-15T22:01:31","guid":{"rendered":"https:\/\/mundodocarnaval.com.br\/?p=3779"},"modified":"2025-10-15T19:01:32","modified_gmt":"2025-10-15T22:01:32","slug":"rainha-de-bateria-da-academicos-de-niteroi-vanessa-rangeli-revela-segredo","status":"publish","type":"post","link":"https:\/\/mundodocarnaval.com.br\/pt_br\/rainha-de-bateria-da-academicos-de-niteroi-vanessa-rangeli-revela-segredo\/","title":{"rendered":"Rainha de bateria da Acad\u00eamicos de Niter\u00f3i, Vanessa Rangeli revela segredo"},"content":{"rendered":"<p>Barriga Zero: Rainha de bateria da Acad\u00eamicos de Niter\u00f3i, Vanessa Rangeli revela segredo do &#8216;tanquinho&#8217; que fez sucesso durante ensaio.<\/p>\n<p>No primeiro ensaio aberto da Acad\u00eamicos de Niter\u00f3i, a rainha de bateria Vanessa Rangeli escolheu um look dourado e ousado, deixando \u00e0 mostra seu abd\u00f4men trincado e seu corpo superdefinido. Aos 44 anos de idade, a consultora fitness far\u00e1 a sua estreia no Grupo Especial junto \u00e0 agremia\u00e7\u00e3o no carnaval de 2026, na Marqu\u00eas de Sapuca\u00ed.<\/p>\n<p>Vanessa, refer\u00eancia em sa\u00fade, beleza e bem-estar, contou o segredo por tr\u00e1s de tanta defini\u00e7\u00e3o. &#8220;Sigo \u00e0 risca o meu programa Barriga Zero, que acelera e intensifica os resultados, principalmente na regi\u00e3o abdominal. Al\u00e9m disso, meu treino est\u00e1 cada vez mais focado em for\u00e7a e defini\u00e7\u00e3o, o que faz toda diferen\u00e7a na minha performance e no meu corpo&#8221;, revelou a rainha.<\/p>\n<p>Vanessa \u00e9 empres\u00e1ria e fundadora de um programa de emagrecimento. Em suas redes, onde acumula mais de 750 mil seguidores, compartilha suas rotinas de treino, receitas fitness e dicas de bem-estar.<\/p>\n","protected":false},"excerpt":{"rendered":"<p>Barriga Zero: Rainha de bateria da Acad\u00eamicos de Niter\u00f3i, Vanessa Rangeli revela segredo do &#8216;tanquinho&#8217; que fez sucesso durante ensaio. No primeiro ensaio aberto da Acad\u00eamicos de Niter\u00f3i, a rainha de bateria Vanessa Rangeli escolheu um look dourado e ousado, deixando \u00e0 mostra seu abd\u00f4men trincado e seu corpo superdefinido. Aos 44 anos de idade, [&hellip;]<\/p>\n","protected":false},"author":1,"featured_media":3780,"comment_status":"closed","ping_status":"closed","sticky":false,"template":"","format":"standard","meta":{"footnotes":""},"categories":[12],"tags":[],"class_list":["post-3779","post","type-post","status-publish","format-standard","has-post-thumbnail","hentry","category-grupo-especial"],"_links":{"self":[{"href":"https:\/\/mundodocarnaval.com.br\/pt_br\/wp-json\/wp\/v2\/posts\/3779","targetHints":{"allow":["GET"]}}],"collection":[{"href":"https:\/\/mundodocarnaval.com.br\/pt_br\/wp-json\/wp\/v2\/posts"}],"about":[{"href":"https:\/\/mundodocarnaval.com.br\/pt_br\/wp-json\/wp\/v2\/types\/post"}],"author":[{"embeddable":true,"href":"https:\/\/mundodocarnaval.com.br\/pt_br\/wp-json\/wp\/v2\/users\/1"}],"replies":[{"embeddable":true,"href":"https:\/\/mundodocarnaval.com.br\/pt_br\/wp-json\/wp\/v2\/comments?post=3779"}],"version-history":[{"count":1,"href":"https:\/\/mundodocarnaval.com.br\/pt_br\/wp-json\/wp\/v2\/posts\/3779\/revisions"}],"predecessor-version":[{"id":3781,"href":"https:\/\/mundodocarnaval.com.br\/pt_br\/wp-json\/wp\/v2\/posts\/3779\/revisions\/3781"}],"wp:featuredmedia":[{"embeddable":true,"href":"https:\/\/mundodocarnaval.com.br\/pt_br\/wp-json\/wp\/v2\/media\/3780"}],"wp:attachment":[{"href":"https:\/\/mundodocarnaval.com.br\/pt_br\/wp-json\/wp\/v2\/media?parent=3779"}],"wp:term":[{"taxonomy":"category","embeddable":true,"href":"https:\/\/mundodocarnaval.com.br\/pt_br\/wp-json\/wp\/v2\/categories?post=3779"},{"taxonomy":"post_tag","embeddable":true,"href":"https:\/\/mundodocarnaval.com.br\/pt_br\/wp-json\/wp\/v2\/tags?post=3779"}],"curies":[{"name":"wp","href":"https:\/\/api.w.org\/{rel}","templated":true}]}}