{"id":3800,"date":"2025-10-15T20:52:57","date_gmt":"2025-10-15T23:52:57","guid":{"rendered":"https:\/\/mundodocarnaval.com.br\/?p=3800"},"modified":"2025-10-15T20:52:59","modified_gmt":"2025-10-15T23:52:59","slug":"mauro-diniz-grava-audio-visual-em-comemoracao-aos-50-anos-de-carreira","status":"publish","type":"post","link":"https:\/\/mundodocarnaval.com.br\/pt_br\/mauro-diniz-grava-audio-visual-em-comemoracao-aos-50-anos-de-carreira\/","title":{"rendered":"Mauro Diniz grava \u00e1udio visual em comemora\u00e7\u00e3o aos 50 anos de carreira"},"content":{"rendered":"<p>Link das fotos de divulga\u00e7\u00e3o:<br \/>\nhttps:\/\/photos.app.goo.gl\/vfRUMJXeaaKLvA9P9<br \/>\nCr\u00e9dito das fotos: Juliana Ferrer<\/p>\n<p>Mauro Diniz grava \u00e1udio visual em comemora\u00e7\u00e3o aos 50 anos de carreira, na pr\u00f3xima ter\u00e7a-feira(21), em Vargem Pequena.<\/p>\n<p>Evento ter\u00e1 as participa\u00e7\u00f5es de Jo\u00e3o Diniz, Zeca Pagodinho, Roberta S\u00e1, Liomar, Xande de Pilares, P\u00e9ricles e Leandro Sapucahy.<\/p>\n<p>Na pr\u00f3xima ter\u00e7a-feira, dia 21 de outubro, a partir das 13h, o cantor e compositor Mauro Diniz, ir\u00e1 gravar um \u00e1udio visual no Rio de Janeiro, em comemora\u00e7\u00e3o aos seus 50 anos de carreira e ter\u00e1 as participa\u00e7\u00f5es de v\u00e1rios convidados: Jo\u00e3o Diniz, Zeca Pagodinho, Roberta S\u00e1, Liomar, Xande de Pilares, P\u00e9ricles e Leandro Sapucahy.<\/p>\n<p>A produ\u00e7\u00e3o do evento \u00e9 da TJ Diniz Produ\u00e7\u00f5es e patroc\u00ednio da Prefeitura da Cidade do Rio de Janeiro, atrav\u00e9s da Secretaria Municipal de Cultura&#8221;. A grava\u00e7\u00e3o ser\u00e1 restrita a convidados e acontecer\u00e1 no Espa\u00e7o Lajedo que fica na Estrada Boca do Mato, 803, em Vargem Pequena, Zona Sudoeste do Rio de Janeiro<\/p>\n<p>Filho de Monarco, Mauro herdou do pai a tradi\u00e7\u00e3o musical. Nascido em Oswaldo Cruz, cercado de grandes sambistas, construiu uma trajet\u00f3ria s\u00f3lida como cantor, compositor, arranjador, cavaquinista, professor de cavaquinho, e um verdadeiro bamba de ber\u00e7o.<\/p>\n<p>Diniz participou da batucada da Velha Guarda da Portela, fundou o grupo Sambrasil, integrou a banda da Beth Carvalho, e frequentou as rodas do Cacique de Ramos, uma das mais tradicionais do samba carioca. Em 1985, fez parte do Ra\u00e7a Brasileira, ao lado do Zeca Pagodinho, Pedrinho da Flor, Elaine Machado e Jovelina P\u00e9rola Negra.<\/p>\n<p>Mauro tem por volta de duzentos sambas gravados, e cinco \u00e1lbuns lan\u00e7ados. Sua contribui\u00e7\u00e3o ao g\u00eanero, se reflete em sambas atemporais, hinos que perpassam gera\u00e7\u00f5es e s\u00e3o indispens\u00e1veis nas rodas de samba, \u00e9 autor e coautor de cl\u00e1ssicos como Meu Lugar, Te gosto, Parab\u00e9ns pra Voc\u00ea, J\u00e1 n\u00e3o Arde, O Sol e a Brisa, Cheiro de Saudade, Falando com os Astros, Hora da Partida, Loucuras de uma Paix\u00e3o, Nova Esperan\u00e7a, O Dia se Zangou, Quando Se Perde um Grande Amor, Solid\u00e3o de um Poeta, Sorriu Pra Mim, Menor Abandonado, Realidade, e diversos sucessos que ser\u00e3o recordados na celebra\u00e7\u00e3o dos seus 50 anos de carreira, e 73 anos de vida.<\/p>\n<p>A contribui\u00e7\u00e3o do mestre Mauro Diniz para a m\u00fasica brasileira, \u00e9 gigante. S\u00e3o 50 anos de tradi\u00e7\u00e3o e legado em prol do samba, sendo assim, nada mais justo que festejar e registrar esse momento com pessoas que fazem parte da sua vida e carreira.<\/p>\n<p>Ser\u00e1 um dia memor\u00e1vel, uma oportunidade \u00fanica para homenagear a obra-prima e a exist\u00eancia de um dos maiores sambistas do Brasil.<\/p>\n","protected":false},"excerpt":{"rendered":"<p>Link das fotos de divulga\u00e7\u00e3o: https:\/\/photos.app.goo.gl\/vfRUMJXeaaKLvA9P9 Cr\u00e9dito das fotos: Juliana Ferrer Mauro Diniz grava \u00e1udio visual em comemora\u00e7\u00e3o aos 50 anos de carreira, na pr\u00f3xima ter\u00e7a-feira(21), em Vargem Pequena. Evento ter\u00e1 as participa\u00e7\u00f5es de Jo\u00e3o Diniz, Zeca Pagodinho, Roberta S\u00e1, Liomar, Xande de Pilares, P\u00e9ricles e Leandro Sapucahy. Na pr\u00f3xima ter\u00e7a-feira, dia 21 de outubro, [&hellip;]<\/p>\n","protected":false},"author":1,"featured_media":3801,"comment_status":"closed","ping_status":"closed","sticky":false,"template":"","format":"standard","meta":{"footnotes":""},"categories":[11],"tags":[],"class_list":["post-3800","post","type-post","status-publish","format-standard","has-post-thumbnail","hentry","category-noticias"],"_links":{"self":[{"href":"https:\/\/mundodocarnaval.com.br\/pt_br\/wp-json\/wp\/v2\/posts\/3800","targetHints":{"allow":["GET"]}}],"collection":[{"href":"https:\/\/mundodocarnaval.com.br\/pt_br\/wp-json\/wp\/v2\/posts"}],"about":[{"href":"https:\/\/mundodocarnaval.com.br\/pt_br\/wp-json\/wp\/v2\/types\/post"}],"author":[{"embeddable":true,"href":"https:\/\/mundodocarnaval.com.br\/pt_br\/wp-json\/wp\/v2\/users\/1"}],"replies":[{"embeddable":true,"href":"https:\/\/mundodocarnaval.com.br\/pt_br\/wp-json\/wp\/v2\/comments?post=3800"}],"version-history":[{"count":1,"href":"https:\/\/mundodocarnaval.com.br\/pt_br\/wp-json\/wp\/v2\/posts\/3800\/revisions"}],"predecessor-version":[{"id":3803,"href":"https:\/\/mundodocarnaval.com.br\/pt_br\/wp-json\/wp\/v2\/posts\/3800\/revisions\/3803"}],"wp:featuredmedia":[{"embeddable":true,"href":"https:\/\/mundodocarnaval.com.br\/pt_br\/wp-json\/wp\/v2\/media\/3801"}],"wp:attachment":[{"href":"https:\/\/mundodocarnaval.com.br\/pt_br\/wp-json\/wp\/v2\/media?parent=3800"}],"wp:term":[{"taxonomy":"category","embeddable":true,"href":"https:\/\/mundodocarnaval.com.br\/pt_br\/wp-json\/wp\/v2\/categories?post=3800"},{"taxonomy":"post_tag","embeddable":true,"href":"https:\/\/mundodocarnaval.com.br\/pt_br\/wp-json\/wp\/v2\/tags?post=3800"}],"curies":[{"name":"wp","href":"https:\/\/api.w.org\/{rel}","templated":true}]}}