{"id":3807,"date":"2025-10-15T21:30:10","date_gmt":"2025-10-16T00:30:10","guid":{"rendered":"https:\/\/mundodocarnaval.com.br\/?p=3807"},"modified":"2025-10-15T21:30:10","modified_gmt":"2025-10-16T00:30:10","slug":"projeto-lendo-sambando-e-brincando-na-quadra-do-santa-marta","status":"publish","type":"post","link":"https:\/\/mundodocarnaval.com.br\/pt_br\/projeto-lendo-sambando-e-brincando-na-quadra-do-santa-marta\/","title":{"rendered":"Projeto \u201cLendo, Sambando e Brincando na Quadra do Santa Marta\u201d"},"content":{"rendered":"<p>Projeto \u201cLendo, Sambando e Brincando na Quadra do Santa Marta\u201d promove roda de conversa com o campe\u00e3o mundial de MMA Jefferson Nascimento \u201cToddynho\u201d<\/p>\n<p>No pr\u00f3ximo dia 19 de outubro de 2025, a partir das 14h, a quadra do Santa Marta ser\u00e1 palco de mais uma edi\u00e7\u00e3o do projeto \u201cLendo, Sambando e Brincando na Quadra do Santa Marta\u201d, com o tema \u201cO Esporte Transforma a Sociedade\u201d. O encontro contar\u00e1 com uma roda de conversa sobre \u201cA Linguagem do Esporte\u201d, reunindo atletas, jovens e moradores da comunidade em um di\u00e1logo inspirador sobre como o esporte pode ser um instrumento de transforma\u00e7\u00e3o social.<\/p>\n<p>O evento ter\u00e1 como palestrante o campe\u00e3o interino peso leve do LFA, Jefferson Nascimento, o \u201cToddynho\u201d, e media\u00e7\u00e3o do atleta de jiu-jitsu Hugo Bordini. Jefferson, que ostenta um cartel invicto de 12 vit\u00f3rias e nenhuma derrota, retorna \u00e0 sua comunidade para compartilhar experi\u00eancias e reflex\u00f5es sobre disciplina, supera\u00e7\u00e3o e respeito \u2014 valores que aprendeu desde cedo nos projetos sociais do Santa Marta.<\/p>\n<p>A atividade integra o Projeto n\u00ba 7825 \u2013 Lendo, Sambando &#038; Brincando na Quadra do Santa Marta, contemplado pelo edital de Chamada P\u00fablica SMC n\u00ba 06\/2024 &#8211; Rio Capital Mundial do Livro \u2013 Edi\u00e7\u00e3o Cultura Viva. A iniciativa tem como objetivo unir cultura, esporte e educa\u00e7\u00e3o, promovendo o desenvolvimento humano e social atrav\u00e9s da leitura, da arte e da pr\u00e1tica esportiva.<\/p>\n<p>A presen\u00e7a do campe\u00e3o mundial tem gerado grande expectativa entre os jovens da comunidade. Durante o evento, as crian\u00e7as e adolescentes ter\u00e3o a oportunidade de conhecer de perto um cintur\u00e3o mundial, s\u00edmbolo de conquista e dedica\u00e7\u00e3o \u2014 uma experi\u00eancia que promete inspirar novas gera\u00e7\u00f5es e fortalecer o sentimento de pertencimento e autoestima dos participantes.<\/p>\n<p>Jefferson teve seu primeiro contato com o tatame aos tr\u00eas anos de idade num projeto social de jud\u00f4 na quadra da Mocidade Unida do Santa Marta.  Ele que \u00e9 ritmista da Furac\u00e3o Azul, desfilou no \u00faltimo carnaval como destaque encenando Ogum, por a Escola entender que precisava de uma pessoa bastante aguerrida para esta representa\u00e7\u00e3o.<\/p>\n","protected":false},"excerpt":{"rendered":"<p>Projeto \u201cLendo, Sambando e Brincando na Quadra do Santa Marta\u201d promove roda de conversa com o campe\u00e3o mundial de MMA Jefferson Nascimento \u201cToddynho\u201d No pr\u00f3ximo dia 19 de outubro de 2025, a partir das 14h, a quadra do Santa Marta ser\u00e1 palco de mais uma edi\u00e7\u00e3o do projeto \u201cLendo, Sambando e Brincando na Quadra do [&hellip;]<\/p>\n","protected":false},"author":1,"featured_media":3808,"comment_status":"closed","ping_status":"closed","sticky":false,"template":"","format":"standard","meta":{"footnotes":""},"categories":[11],"tags":[],"class_list":["post-3807","post","type-post","status-publish","format-standard","has-post-thumbnail","hentry","category-noticias"],"_links":{"self":[{"href":"https:\/\/mundodocarnaval.com.br\/pt_br\/wp-json\/wp\/v2\/posts\/3807","targetHints":{"allow":["GET"]}}],"collection":[{"href":"https:\/\/mundodocarnaval.com.br\/pt_br\/wp-json\/wp\/v2\/posts"}],"about":[{"href":"https:\/\/mundodocarnaval.com.br\/pt_br\/wp-json\/wp\/v2\/types\/post"}],"author":[{"embeddable":true,"href":"https:\/\/mundodocarnaval.com.br\/pt_br\/wp-json\/wp\/v2\/users\/1"}],"replies":[{"embeddable":true,"href":"https:\/\/mundodocarnaval.com.br\/pt_br\/wp-json\/wp\/v2\/comments?post=3807"}],"version-history":[{"count":1,"href":"https:\/\/mundodocarnaval.com.br\/pt_br\/wp-json\/wp\/v2\/posts\/3807\/revisions"}],"predecessor-version":[{"id":3809,"href":"https:\/\/mundodocarnaval.com.br\/pt_br\/wp-json\/wp\/v2\/posts\/3807\/revisions\/3809"}],"wp:featuredmedia":[{"embeddable":true,"href":"https:\/\/mundodocarnaval.com.br\/pt_br\/wp-json\/wp\/v2\/media\/3808"}],"wp:attachment":[{"href":"https:\/\/mundodocarnaval.com.br\/pt_br\/wp-json\/wp\/v2\/media?parent=3807"}],"wp:term":[{"taxonomy":"category","embeddable":true,"href":"https:\/\/mundodocarnaval.com.br\/pt_br\/wp-json\/wp\/v2\/categories?post=3807"},{"taxonomy":"post_tag","embeddable":true,"href":"https:\/\/mundodocarnaval.com.br\/pt_br\/wp-json\/wp\/v2\/tags?post=3807"}],"curies":[{"name":"wp","href":"https:\/\/api.w.org\/{rel}","templated":true}]}}