{"id":3810,"date":"2025-10-15T21:36:53","date_gmt":"2025-10-16T00:36:53","guid":{"rendered":"https:\/\/mundodocarnaval.com.br\/?p=3810"},"modified":"2025-10-15T21:36:53","modified_gmt":"2025-10-16T00:36:53","slug":"unidos-do-jacarezinho-escolhe-seu-samba-enredo","status":"publish","type":"post","link":"https:\/\/mundodocarnaval.com.br\/pt_br\/unidos-do-jacarezinho-escolhe-seu-samba-enredo\/","title":{"rendered":"Unidos do Jacarezinho escolhe seu samba-enredo"},"content":{"rendered":"<p>Unidos do Jacarezinho escolhe seu samba-enredo de 2026 nesta sexta-feira com a presen\u00e7a de Xande Pilares, enredo da agremia\u00e7\u00e3o<br \/>\nQuatro sambas est\u00e3o na disputa<\/p>\n<p>A Unidos do Jacarezinho realiza nesta sexta-feira (17), a partir das 20 horas, a aguardada final de samba-enredo para o Carnaval 2026. Ap\u00f3s uma disputa iniciada em 03 de outubro, restam quatro parcerias finalistas.<\/p>\n<p>Confira as parcerias classificadas:<\/p>\n<p>Samba 2 &#8211; Macambira, A. Campe\u00e3o, Juruna Zona Sul, Waltinho Xavier, L\u00edcio P\u00e1dua, Robinho da Portela, Jorginho PQD e Darlem Chopp Brahma<\/p>\n<p>Samba 5 &#8211; Neguinho da Beira, Marcelo Poesia, Bruno Camarote, Hailton Lima, Ricardo Constru\u00e7\u00e3o, Vin\u00edcius Bin Laden, Dudu de Paula e Cristiane Mazarim<\/p>\n<p>Samba 6 &#8211; Paulinho Bandolim, Tomate Show, Rodrigo Jacopetti, Bruno Dallari, Godoi, Guto Cacha\u00e7a, Dod\u00f4 Ananias e Rafa Cria<\/p>\n<p>Samba 8 &#8211; Pedrinho da Flor, Karlinhos Madureira, Jorge Matos, Alexandre Cabe\u00e7a, Hugo Rosa, Regiane Guerra, Josemar Manfredini e Alem\u00e3o SP<\/p>\n<p>Os port\u00f5es da quadra abrir\u00e3o \u00e0s 20 horas. O show ficar\u00e1 por conta da roda de samba comandada por Bernini com participa\u00e7\u00e3o especial da Malu. Na sequ\u00eancia o tradicional show dos segmentos da rosa e branca do Jacar\u00e9. Velha Guarda, baianas, passistas, musas e os casais de mestre-sala e porta-bandeira se apresentar\u00e3o embalados pela voz dos int\u00e9rpretes oficiais Ailton Santos e Thiago Ac\u00e1cio no ritmo da bateria Show Mil de mestre Pelezinho. Uma apresenta\u00e7\u00e3o in\u00e9dita foi preparada pela dire\u00e7\u00e3o art\u00edstica assinada por Kaio Mackenzie foi preparada especialmente para a grande noite.<\/p>\n<p>No pr\u00f3ximo carnaval, a branca e rosa levar\u00e1 para a Sapuca\u00ed na sexta-feira de carnaval o enredo em homenagem ao cantor, compositor e ator, Xande de Pilares, desenvolvido pelo carnavalesco Bruno Oliveira.<\/p>\n<p>Os ingressos para a grande final poder\u00e3o ser adquiridos antecipadamente atrav\u00e9s do Sympla. A pista custa R$ 10 e a mesa com 4 convites e ingressos inclusos por R$ 100,00. Quem preferir poder\u00e1 adquirir diretamente na bilheteria da quadra durante o evento. Os camarotes est\u00e3o esgotados.<\/p>\n<p>A Unidos do Jacarezinho pensou no torcedor de fora do Rio de Janeiro e naqueles que n\u00e3o poder\u00e3o comparecer. A festa ser\u00e1 transmitida ao vivo pelo canal da escola no Youtube a partir das 23h30. O endere\u00e7o \u00e9 https:\/\/www.youtube.com\/@unidosdojacarezinhotv.<\/p>\n<p>A quadra da escola fica localizada na Avenida Dom H\u00e9lder C\u00e2mara n\u00ba 2233 &#8211; Jacar\u00e9.<\/p>\n<p>Servi\u00e7o:<\/p>\n<p>Grande Final de Samba-Enredo &#8211; GRES Unidos do Jacarezinho<\/p>\n<p>Dia 17 de outubro de 2025<\/p>\n<p>Local: Quadra da escola \u2013 Avenida Dom H\u00e9lder C\u00e2mara, 2233 \u2013 Jacar\u00e9,<\/p>\n<p>Hor\u00e1rio A partir das 21 horas<\/p>\n<p>Entrada: A partir de R$ 10,00 (1\u00ba lote)<\/p>\n<p>Mesa para 4 pessoas &#8211; R$ 100,00<\/p>\n<p>Camarotes Esgotados<\/p>\n<p>Vendas On-line: https:\/\/www.sympla.com.br\/evento\/grande-final-unidos-do-jacarezinho-2026\/3170932<\/p>\n<p>Classifica\u00e7\u00e3o Livre  <\/p>\n<p>Iudios e letras dos sambas concorrentes &#8211; https:\/\/drive.google.com\/drive\/folders\/1qEnaJOZqmsjxgz4AUyxSfv2-UHXbO_X5?usp=drive_link<\/p>\n<p>Cr\u00e9ditos: Gabriel Belmiro<\/p>\n","protected":false},"excerpt":{"rendered":"<p>Unidos do Jacarezinho escolhe seu samba-enredo de 2026 nesta sexta-feira com a presen\u00e7a de Xande Pilares, enredo da agremia\u00e7\u00e3o Quatro sambas est\u00e3o na disputa A Unidos do Jacarezinho realiza nesta sexta-feira (17), a partir das 20 horas, a aguardada final de samba-enredo para o Carnaval 2026. Ap\u00f3s uma disputa iniciada em 03 de outubro, restam [&hellip;]<\/p>\n","protected":false},"author":1,"featured_media":3811,"comment_status":"closed","ping_status":"closed","sticky":false,"template":"","format":"standard","meta":{"footnotes":""},"categories":[13],"tags":[],"class_list":["post-3810","post","type-post","status-publish","format-standard","has-post-thumbnail","hentry","category-fashion"],"_links":{"self":[{"href":"https:\/\/mundodocarnaval.com.br\/pt_br\/wp-json\/wp\/v2\/posts\/3810","targetHints":{"allow":["GET"]}}],"collection":[{"href":"https:\/\/mundodocarnaval.com.br\/pt_br\/wp-json\/wp\/v2\/posts"}],"about":[{"href":"https:\/\/mundodocarnaval.com.br\/pt_br\/wp-json\/wp\/v2\/types\/post"}],"author":[{"embeddable":true,"href":"https:\/\/mundodocarnaval.com.br\/pt_br\/wp-json\/wp\/v2\/users\/1"}],"replies":[{"embeddable":true,"href":"https:\/\/mundodocarnaval.com.br\/pt_br\/wp-json\/wp\/v2\/comments?post=3810"}],"version-history":[{"count":1,"href":"https:\/\/mundodocarnaval.com.br\/pt_br\/wp-json\/wp\/v2\/posts\/3810\/revisions"}],"predecessor-version":[{"id":3812,"href":"https:\/\/mundodocarnaval.com.br\/pt_br\/wp-json\/wp\/v2\/posts\/3810\/revisions\/3812"}],"wp:featuredmedia":[{"embeddable":true,"href":"https:\/\/mundodocarnaval.com.br\/pt_br\/wp-json\/wp\/v2\/media\/3811"}],"wp:attachment":[{"href":"https:\/\/mundodocarnaval.com.br\/pt_br\/wp-json\/wp\/v2\/media?parent=3810"}],"wp:term":[{"taxonomy":"category","embeddable":true,"href":"https:\/\/mundodocarnaval.com.br\/pt_br\/wp-json\/wp\/v2\/categories?post=3810"},{"taxonomy":"post_tag","embeddable":true,"href":"https:\/\/mundodocarnaval.com.br\/pt_br\/wp-json\/wp\/v2\/tags?post=3810"}],"curies":[{"name":"wp","href":"https:\/\/api.w.org\/{rel}","templated":true}]}}