{"id":3813,"date":"2025-10-15T21:42:09","date_gmt":"2025-10-16T00:42:09","guid":{"rendered":"https:\/\/mundodocarnaval.com.br\/?p=3813"},"modified":"2025-10-15T21:42:13","modified_gmt":"2025-10-16T00:42:13","slug":"academicos-do-tucuruvi-apresenta-os-pilotos-de-fantasias","status":"publish","type":"post","link":"https:\/\/mundodocarnaval.com.br\/pt_br\/academicos-do-tucuruvi-apresenta-os-pilotos-de-fantasias\/","title":{"rendered":"Acad\u00eamicos do Tucuruvi apresenta os pilotos de fantasias"},"content":{"rendered":"<p>Acad\u00eamicos do Tucuruvi apresenta os pilotos de fantasias do enredo \u201cAnti-Her\u00f3i Brasil\u201d para o Carnaval 2026<\/p>\n<p>Na \u00faltima sexta-feira, 10 de outubro, a quadra da Acad\u00eamicos do Tucuruvi foi palco de um momento marcante na prepara\u00e7\u00e3o rumo ao Carnaval 2026. A agremia\u00e7\u00e3o da Zona Norte de S\u00e3o Paulo realizou atrav\u00e9s de uma festa fechada apenas para a sua comunidade, o lan\u00e7amento oficial dos pilotos de fantasias, com um pouco do que promete ser um desfile impactante, repleto de cr\u00edtica, emo\u00e7\u00e3o e identidade nacional.<\/p>\n<p>Em 2026, o Zaca levar\u00e1 para o Samb\u00f3dromo do Anhembi o enredo \u201cANTI-HER\u00d3I BRASIL\u201d, uma celebra\u00e7\u00e3o ao povo brasileiro que, em meio \u00e0s contradi\u00e7\u00f5es e desafios cotidianos, resiste, cria, luta e segue em frente com bravura. A proposta, assinada pelo carnavalesco Nicolas Gon\u00e7alves e pelo enredista Cleiton Almeida, pretende refletir sobre como o brasileiro se identifica com a figura do anti-her\u00f3i, aquele que, mesmo fora dos padr\u00f5es e das idealiza\u00e7\u00f5es, representa a for\u00e7a e a humanidade do pa\u00eds real.<\/p>\n<p>\u201cMostrar nosso trabalho para o mundo d\u00e1 sempre um frio na barriga, mas todo o projeto foi aprovado pela escola e com certeza estamos no caminho certo de realizar um grande carnaval e voltar para o grupo especial. Ap\u00f3s a apresenta\u00e7\u00e3o pude receber o carinho dos segmentos comentando sobre as fantasias dos seus setores e no final foi tudo positivo, agora vamos rumo ao desfile \u2013 revela o carnavalesco Nicolas Gon\u00e7alves.<\/p>\n<p>Na ocasi\u00e3o tamb\u00e9m foi entregue o pavilh\u00e3o do enredo para o casal de MS&#038;PB, Gustavo Oliveira e Camila Pacini.<\/p>\n<p>A Acad\u00eamicos do Tucuruvi ser\u00e1 a terceira escola a desfilar pelo Grupo de Acesso 1 no domingo, 15 de fevereiro de 2026, no Samb\u00f3dromo do Anhembi, prometendo emocionar o p\u00fablico e marcar presen\u00e7a com um enredo que traduz, com coragem e sensibilidade, o esp\u00edrito do povo brasileiro.<\/p>\n<p>https:\/\/www.instagram.com\/p\/DPpuGt0Eczn\/<\/p>\n<p>https:\/\/www.instagram.com\/p\/DPpvNdZEWn4\/<\/p>\n<p>https:\/\/www.instagram.com\/p\/DPpzEnokaGR\/<\/p>\n<p>Cr\u00e9dito das Fotos: Roberto Batista \/ Renato Cipriano &#8211; Divulga\u00e7\u00e3o<\/p>\n","protected":false},"excerpt":{"rendered":"<p>Acad\u00eamicos do Tucuruvi apresenta os pilotos de fantasias do enredo \u201cAnti-Her\u00f3i Brasil\u201d para o Carnaval 2026 Na \u00faltima sexta-feira, 10 de outubro, a quadra da Acad\u00eamicos do Tucuruvi foi palco de um momento marcante na prepara\u00e7\u00e3o rumo ao Carnaval 2026. A agremia\u00e7\u00e3o da Zona Norte de S\u00e3o Paulo realizou atrav\u00e9s de uma festa fechada apenas [&hellip;]<\/p>\n","protected":false},"author":1,"featured_media":3814,"comment_status":"closed","ping_status":"closed","sticky":false,"template":"","format":"standard","meta":{"footnotes":""},"categories":[167],"tags":[],"class_list":["post-3813","post","type-post","status-publish","format-standard","has-post-thumbnail","hentry","category-carnaval-de-sao-paulo"],"_links":{"self":[{"href":"https:\/\/mundodocarnaval.com.br\/pt_br\/wp-json\/wp\/v2\/posts\/3813","targetHints":{"allow":["GET"]}}],"collection":[{"href":"https:\/\/mundodocarnaval.com.br\/pt_br\/wp-json\/wp\/v2\/posts"}],"about":[{"href":"https:\/\/mundodocarnaval.com.br\/pt_br\/wp-json\/wp\/v2\/types\/post"}],"author":[{"embeddable":true,"href":"https:\/\/mundodocarnaval.com.br\/pt_br\/wp-json\/wp\/v2\/users\/1"}],"replies":[{"embeddable":true,"href":"https:\/\/mundodocarnaval.com.br\/pt_br\/wp-json\/wp\/v2\/comments?post=3813"}],"version-history":[{"count":1,"href":"https:\/\/mundodocarnaval.com.br\/pt_br\/wp-json\/wp\/v2\/posts\/3813\/revisions"}],"predecessor-version":[{"id":3818,"href":"https:\/\/mundodocarnaval.com.br\/pt_br\/wp-json\/wp\/v2\/posts\/3813\/revisions\/3818"}],"wp:featuredmedia":[{"embeddable":true,"href":"https:\/\/mundodocarnaval.com.br\/pt_br\/wp-json\/wp\/v2\/media\/3814"}],"wp:attachment":[{"href":"https:\/\/mundodocarnaval.com.br\/pt_br\/wp-json\/wp\/v2\/media?parent=3813"}],"wp:term":[{"taxonomy":"category","embeddable":true,"href":"https:\/\/mundodocarnaval.com.br\/pt_br\/wp-json\/wp\/v2\/categories?post=3813"},{"taxonomy":"post_tag","embeddable":true,"href":"https:\/\/mundodocarnaval.com.br\/pt_br\/wp-json\/wp\/v2\/tags?post=3813"}],"curies":[{"name":"wp","href":"https:\/\/api.w.org\/{rel}","templated":true}]}}