{"id":3819,"date":"2025-10-15T21:48:57","date_gmt":"2025-10-16T00:48:57","guid":{"rendered":"https:\/\/mundodocarnaval.com.br\/?p=3819"},"modified":"2025-10-15T21:48:57","modified_gmt":"2025-10-16T00:48:57","slug":"uniao-de-marica-realiza-audicao-para-comissao-de-frente","status":"publish","type":"post","link":"https:\/\/mundodocarnaval.com.br\/pt_br\/uniao-de-marica-realiza-audicao-para-comissao-de-frente\/","title":{"rendered":"Uni\u00e3o de Maric\u00e1 realiza audi\u00e7\u00e3o para comiss\u00e3o de frente"},"content":{"rendered":"<p>Uni\u00e3o de Maric\u00e1 realiza audi\u00e7\u00e3o para comiss\u00e3o de frente do Carnaval 2026 na sexta (17)Sele\u00e7\u00e3o acontecer\u00e1 no A\u00e7\u00e3o da Cidadania, no bairro da Sa\u00fade, voltada para mulheres pretas<\/p>\n<p>Sob a dire\u00e7\u00e3o do core\u00f3grafo Patrick Carvalho, a Uni\u00e3o de Maric\u00e1 realizar\u00e1 uma audi\u00e7\u00e3o exclusiva para mulheres pretas que desejam integrar a comiss\u00e3o de frente do desfile de 2026. O processo seletivo acontecer\u00e1 na pr\u00f3xima sexta (17), \u00e0s 19h, no A\u00e7\u00e3o da Cidadania, localizado na Rua da Gamboa, 246, no bairro da Sa\u00fade, Rio de Janeiro, pr\u00f3ximo \u00e0 Cidade do Samba.<\/p>\n<p>O pr\u00e9-requisito para participar \u00e9 ter mais de 18 anos e experi\u00eancia em qualquer linguagem art\u00edstica ou de dan\u00e7a, com destaque para estilos afro-brasileiros. As inscri\u00e7\u00f5es ser\u00e3o realizadas presencialmente, no pr\u00f3prio local e hor\u00e1rio da audi\u00e7\u00e3o, sem custos. <\/p>\n<p>Com a lideran\u00e7a do carnavalesco Leandro Vieira, a Uni\u00e3o de Maric\u00e1 levar\u00e1 para a Sapuca\u00ed o enredo \u201cBerenguend\u00e9ns e Balangand\u00e3ns\u201d, que exalta a joalheria preta do Brasil e o balangand\u00e3, seu principal adere\u00e7o. A escola ser\u00e1 a sexta a desfilar no dia 14 de fevereiro, na S\u00e9rie Ouro.<\/p>\n<p>Fotos: Leandro Andrade<\/p>\n","protected":false},"excerpt":{"rendered":"<p>Uni\u00e3o de Maric\u00e1 realiza audi\u00e7\u00e3o para comiss\u00e3o de frente do Carnaval 2026 na sexta (17)Sele\u00e7\u00e3o acontecer\u00e1 no A\u00e7\u00e3o da Cidadania, no bairro da Sa\u00fade, voltada para mulheres pretas Sob a dire\u00e7\u00e3o do core\u00f3grafo Patrick Carvalho, a Uni\u00e3o de Maric\u00e1 realizar\u00e1 uma audi\u00e7\u00e3o exclusiva para mulheres pretas que desejam integrar a comiss\u00e3o de frente do desfile [&hellip;]<\/p>\n","protected":false},"author":1,"featured_media":3820,"comment_status":"closed","ping_status":"closed","sticky":false,"template":"","format":"standard","meta":{"footnotes":""},"categories":[13],"tags":[],"class_list":["post-3819","post","type-post","status-publish","format-standard","has-post-thumbnail","hentry","category-fashion"],"_links":{"self":[{"href":"https:\/\/mundodocarnaval.com.br\/pt_br\/wp-json\/wp\/v2\/posts\/3819","targetHints":{"allow":["GET"]}}],"collection":[{"href":"https:\/\/mundodocarnaval.com.br\/pt_br\/wp-json\/wp\/v2\/posts"}],"about":[{"href":"https:\/\/mundodocarnaval.com.br\/pt_br\/wp-json\/wp\/v2\/types\/post"}],"author":[{"embeddable":true,"href":"https:\/\/mundodocarnaval.com.br\/pt_br\/wp-json\/wp\/v2\/users\/1"}],"replies":[{"embeddable":true,"href":"https:\/\/mundodocarnaval.com.br\/pt_br\/wp-json\/wp\/v2\/comments?post=3819"}],"version-history":[{"count":1,"href":"https:\/\/mundodocarnaval.com.br\/pt_br\/wp-json\/wp\/v2\/posts\/3819\/revisions"}],"predecessor-version":[{"id":3821,"href":"https:\/\/mundodocarnaval.com.br\/pt_br\/wp-json\/wp\/v2\/posts\/3819\/revisions\/3821"}],"wp:featuredmedia":[{"embeddable":true,"href":"https:\/\/mundodocarnaval.com.br\/pt_br\/wp-json\/wp\/v2\/media\/3820"}],"wp:attachment":[{"href":"https:\/\/mundodocarnaval.com.br\/pt_br\/wp-json\/wp\/v2\/media?parent=3819"}],"wp:term":[{"taxonomy":"category","embeddable":true,"href":"https:\/\/mundodocarnaval.com.br\/pt_br\/wp-json\/wp\/v2\/categories?post=3819"},{"taxonomy":"post_tag","embeddable":true,"href":"https:\/\/mundodocarnaval.com.br\/pt_br\/wp-json\/wp\/v2\/tags?post=3819"}],"curies":[{"name":"wp","href":"https:\/\/api.w.org\/{rel}","templated":true}]}}