{"id":3825,"date":"2025-10-21T19:49:15","date_gmt":"2025-10-21T22:49:15","guid":{"rendered":"https:\/\/mundodocarnaval.com.br\/?p=3825"},"modified":"2025-10-21T19:49:15","modified_gmt":"2025-10-21T22:49:15","slug":"camila-beatriz-e-a-nova-rainha-da-escola-de-belford-roxo","status":"publish","type":"post","link":"https:\/\/mundodocarnaval.com.br\/pt_br\/camila-beatriz-e-a-nova-rainha-da-escola-de-belford-roxo\/","title":{"rendered":"Camila Beatriz \u00e9 a nova rainha da escola de   Belford Roxo"},"content":{"rendered":"<p>O presidente da Inocentes de Belford Roxo, Reginaldo Gomes anunciou, nesta quarta-feira, a empres\u00e1ria Camila Beatriz, como a nova rainha da escola para o Carnaval 2026<\/p>\n<p>\u201cHoje o meu cora\u00e7\u00e3o bate no ritmo do samba e da gratid\u00e3o.<\/p>\n<p>Sou filha, mulher, sonhadora, amante do samba e venho com imensa alegria anunciar um novo passo da minha trajet\u00f3ria de vida e foli\u00e3.<\/p>\n<p>\u201cFoi uma surpresa ser convidada para ser Rainha da Escola de Samba da Comunidade de Belford Roxo, e esse momento tem um significado enorme pra mim. Foi nessa cidade, que vivi 10 anos da minha vida estudando, trabalhando, crescendo, enfrentando desafios e construindo quem sou hoje.<\/p>\n<p>Voltar \u00e0 quadra da Inocentes \u00e9 um reencontro com minhas ra\u00edzes, com a menina que sonhava alto e que hoje realiza com os p\u00e9s firmes e o cora\u00e7\u00e3o cheio de prop\u00f3sito, de ver a Inocentes campe\u00e3.<\/p>\n<p>Quero agradecer de cora\u00e7\u00e3o a presid\u00eancia e a primeira dama Daniele Moura, pelo carinho e pela confian\u00e7a. Que essa nova jornada seja marcada por muita alegria, uni\u00e3o e sucesso e que juntos possamos fazer uma hist\u00f3ria vencedora no pr\u00f3ximo carnaval\u201d, disse a nova rainha da escola, Camila Beatriz.<\/p>\n<p>A Ca\u00e7ulinha da Baixada ser\u00e1 a segunda escola da S\u00e9rie Ouro, que desfilar\u00e1, na Sexta-feira de Carnaval, no Samb\u00f3dromo. Com o enredo \u201cO sonho de um tal pagode russo, nos frevos do meu Pernambuco!\u201d, do carnavalesco Edson Pereira. Uma homenagem \u00e0 cultura de Recife.<\/p>\n<p>Fotos (Divulga\u00e7\u00e3o) 1 e 2: Camila Beatriz , nova rainha da escola.<\/p>\n","protected":false},"excerpt":{"rendered":"<p>O presidente da Inocentes de Belford Roxo, Reginaldo Gomes anunciou, nesta quarta-feira, a empres\u00e1ria Camila Beatriz, como a nova rainha da escola para o Carnaval 2026 \u201cHoje o meu cora\u00e7\u00e3o bate no ritmo do samba e da gratid\u00e3o. Sou filha, mulher, sonhadora, amante do samba e venho com imensa alegria anunciar um novo passo da [&hellip;]<\/p>\n","protected":false},"author":1,"featured_media":3826,"comment_status":"closed","ping_status":"closed","sticky":false,"template":"","format":"standard","meta":{"footnotes":""},"categories":[13],"tags":[],"class_list":["post-3825","post","type-post","status-publish","format-standard","has-post-thumbnail","hentry","category-fashion"],"_links":{"self":[{"href":"https:\/\/mundodocarnaval.com.br\/pt_br\/wp-json\/wp\/v2\/posts\/3825","targetHints":{"allow":["GET"]}}],"collection":[{"href":"https:\/\/mundodocarnaval.com.br\/pt_br\/wp-json\/wp\/v2\/posts"}],"about":[{"href":"https:\/\/mundodocarnaval.com.br\/pt_br\/wp-json\/wp\/v2\/types\/post"}],"author":[{"embeddable":true,"href":"https:\/\/mundodocarnaval.com.br\/pt_br\/wp-json\/wp\/v2\/users\/1"}],"replies":[{"embeddable":true,"href":"https:\/\/mundodocarnaval.com.br\/pt_br\/wp-json\/wp\/v2\/comments?post=3825"}],"version-history":[{"count":1,"href":"https:\/\/mundodocarnaval.com.br\/pt_br\/wp-json\/wp\/v2\/posts\/3825\/revisions"}],"predecessor-version":[{"id":3827,"href":"https:\/\/mundodocarnaval.com.br\/pt_br\/wp-json\/wp\/v2\/posts\/3825\/revisions\/3827"}],"wp:featuredmedia":[{"embeddable":true,"href":"https:\/\/mundodocarnaval.com.br\/pt_br\/wp-json\/wp\/v2\/media\/3826"}],"wp:attachment":[{"href":"https:\/\/mundodocarnaval.com.br\/pt_br\/wp-json\/wp\/v2\/media?parent=3825"}],"wp:term":[{"taxonomy":"category","embeddable":true,"href":"https:\/\/mundodocarnaval.com.br\/pt_br\/wp-json\/wp\/v2\/categories?post=3825"},{"taxonomy":"post_tag","embeddable":true,"href":"https:\/\/mundodocarnaval.com.br\/pt_br\/wp-json\/wp\/v2\/tags?post=3825"}],"curies":[{"name":"wp","href":"https:\/\/api.w.org\/{rel}","templated":true}]}}