{"id":3828,"date":"2025-10-21T21:04:53","date_gmt":"2025-10-22T00:04:53","guid":{"rendered":"https:\/\/mundodocarnaval.com.br\/?p=3828"},"modified":"2025-10-21T21:04:53","modified_gmt":"2025-10-22T00:04:53","slug":"daniel-zarmanno-assinara-figurinos-de-finalistas-da-corte-real-lgbt","status":"publish","type":"post","link":"https:\/\/mundodocarnaval.com.br\/pt_br\/daniel-zarmanno-assinara-figurinos-de-finalistas-da-corte-real-lgbt\/","title":{"rendered":"Daniel Zarmanno assinar\u00e1 figurinos de finalistas da Corte Real LGBT"},"content":{"rendered":"<p>Apostando na moda e ousadia,  Daniel Zarmanno assinar\u00e1 figurinos de finalistas da Corte Real LGBT+ do Carnaval 2026<\/p>\n<p>O renomado estilista Daniel Zarmanno ser\u00e1 o respons\u00e1vel pelos figurinos de dois finalistas do concurso da Corte Real LGBT+ do Carnaval do Rio de Janeiro 2026. Os candidatos Luis Ot\u00e1vio, finalista na categoria Muso LGBT+, e Wendell, que disputa o t\u00edtulo na categoria Pessoa N\u00e3o Bin\u00e1ria, se classificaram na noite desta quinta-feira (16) vestindo cria\u00e7\u00f5es exclusivas assinadas pelo estilista.<\/p>\n<p>Os trajes, desenvolvidos especialmente para a etapa classificat\u00f3ria, unem a ess\u00eancia do samba e a energia do carnaval \u00e0 sofistica\u00e7\u00e3o da moda contempor\u00e2nea, traduzindo o conceito de identidade, liberdade e eleg\u00e2ncia. Cada pe\u00e7a foi pensada para destacar a personalidade dos concorrentes e valorizar a representatividade presente na disputa.<\/p>\n<p>\u201cMais do que figurinos, quis criar s\u00edmbolos de express\u00e3o e orgulho. A Corte LGBT+ \u00e9 um espa\u00e7o de visibilidade e celebra\u00e7\u00e3o, e a moda tem um papel fundamental nesse protagonismo\u201d, destaca Daniel Zarmanno.<\/p>\n<p>No concurso da corte real 2025, Zarmanno foi respons\u00e1vel pela fantasia de 3 tr\u00eas candidatas finalistas, sendo uma delas a campe\u00e3, Thuane Werneck. A grande final do concurso acontecer\u00e1 no pr\u00f3ximo dia 23 de outubro, na Cidade do Samba.<\/p>\n","protected":false},"excerpt":{"rendered":"<p>Apostando na moda e ousadia, Daniel Zarmanno assinar\u00e1 figurinos de finalistas da Corte Real LGBT+ do Carnaval 2026 O renomado estilista Daniel Zarmanno ser\u00e1 o respons\u00e1vel pelos figurinos de dois finalistas do concurso da Corte Real LGBT+ do Carnaval do Rio de Janeiro 2026. Os candidatos Luis Ot\u00e1vio, finalista na categoria Muso LGBT+, e Wendell, [&hellip;]<\/p>\n","protected":false},"author":1,"featured_media":3829,"comment_status":"closed","ping_status":"closed","sticky":false,"template":"","format":"standard","meta":{"footnotes":""},"categories":[11],"tags":[],"class_list":["post-3828","post","type-post","status-publish","format-standard","has-post-thumbnail","hentry","category-noticias"],"_links":{"self":[{"href":"https:\/\/mundodocarnaval.com.br\/pt_br\/wp-json\/wp\/v2\/posts\/3828","targetHints":{"allow":["GET"]}}],"collection":[{"href":"https:\/\/mundodocarnaval.com.br\/pt_br\/wp-json\/wp\/v2\/posts"}],"about":[{"href":"https:\/\/mundodocarnaval.com.br\/pt_br\/wp-json\/wp\/v2\/types\/post"}],"author":[{"embeddable":true,"href":"https:\/\/mundodocarnaval.com.br\/pt_br\/wp-json\/wp\/v2\/users\/1"}],"replies":[{"embeddable":true,"href":"https:\/\/mundodocarnaval.com.br\/pt_br\/wp-json\/wp\/v2\/comments?post=3828"}],"version-history":[{"count":1,"href":"https:\/\/mundodocarnaval.com.br\/pt_br\/wp-json\/wp\/v2\/posts\/3828\/revisions"}],"predecessor-version":[{"id":3830,"href":"https:\/\/mundodocarnaval.com.br\/pt_br\/wp-json\/wp\/v2\/posts\/3828\/revisions\/3830"}],"wp:featuredmedia":[{"embeddable":true,"href":"https:\/\/mundodocarnaval.com.br\/pt_br\/wp-json\/wp\/v2\/media\/3829"}],"wp:attachment":[{"href":"https:\/\/mundodocarnaval.com.br\/pt_br\/wp-json\/wp\/v2\/media?parent=3828"}],"wp:term":[{"taxonomy":"category","embeddable":true,"href":"https:\/\/mundodocarnaval.com.br\/pt_br\/wp-json\/wp\/v2\/categories?post=3828"},{"taxonomy":"post_tag","embeddable":true,"href":"https:\/\/mundodocarnaval.com.br\/pt_br\/wp-json\/wp\/v2\/tags?post=3828"}],"curies":[{"name":"wp","href":"https:\/\/api.w.org\/{rel}","templated":true}]}}