{"id":3831,"date":"2025-10-21T21:43:09","date_gmt":"2025-10-22T00:43:09","guid":{"rendered":"https:\/\/mundodocarnaval.com.br\/?p=3831"},"modified":"2025-10-21T21:43:10","modified_gmt":"2025-10-22T00:43:10","slug":"parceria-de-paulinho-bandolim-e-campea-na-unidos-do-jacarezinho","status":"publish","type":"post","link":"https:\/\/mundodocarnaval.com.br\/pt_br\/parceria-de-paulinho-bandolim-e-campea-na-unidos-do-jacarezinho\/","title":{"rendered":"Parceria de Paulinho Bandolim \u00e9 campe\u00e3 na Unidos do Jacarezinho"},"content":{"rendered":"<p>&#8220;Pilares&#8221; dessa raiz! Parceria de Paulinho Bandolim \u00e9 a campe\u00e3 na Unidos do Jacarezinho<br \/>\nEscola homenagear\u00e1 Xande de Pilares no retorno \u00e0 Marqu\u00eas de Sapuca\u00ed<\/p>\n<p>A Unidos do Jacarezinho escolheu na madrugada deste s\u00e1bado o seu hino oficial para o Carnaval 2026. No concurso que come\u00e7ou com 8 sambas inscritos, venceu a parceria de Paulinho Bandolim, Tomate Show, Rodrigo Jacopetti, Bruno Dallari, Godoi, Guto Cacha\u00e7a, Dod\u00f4 Ananias e Rafa Cria. O samba escolhido servir\u00e1 de trilha sonora para o enredo \u201cO ar que se respira agora inspira novos tempos&#8221; e abordar\u00e1 a hist\u00f3ria do cantor, compositor e ator, Xande de Pilares.<\/p>\n<p>A disputa foi bastante acirrada, afinal de contas, foram quatro obras finalistas com compositores consagrados da escola e do carnaval. Antes da disputa, um show in\u00e9dito da rosa e branca foi preparado exclusivamente para a ocasi\u00e3o. A festa contou com a presen\u00e7a do homenageado e terminou ao amanhecer com o an\u00fancio do samba campe\u00e3o.<\/p>\n<p>A Unidos do Jacarezinho ser\u00e1 a primeira escola a pisar na Avenida na sexta-feira de carnaval, dia 13 de fevereiro de 2026. Confira a letra do samba vencedor.<\/p>\n<p>COMPOSITORES: PAULINHO BANDOLIM, TOMATE SHOW, RODRIGO JACOPETTI, BRUNO DALLARI, GODOI, GUTO CACHA\u00c7A, DOD\u00d4 ANANIAS E RAFA CRIA<br \/>\nO VENTO QUE SOPROU NO TURANO ANUNCIA<br \/>\nL\u00c1 NO MORRO NASCEU OUTRO CRIA<\/p>\n<p>DE REPENTE, MAIS UMA POESIA<\/p>\n<p>POR &#8220;ANDAR A\u00cd&#8221;, VIU GERALDO E MAGALHA<\/p>\n<p>FEZ DOS VERSOS SUA ARMA DE BATALHA<\/p>\n<p>COM CAVACO E REPIQUE&#8230;<\/p>\n<p>HERAN\u00c7A DE ARLINDO, GUINETO E DO CACIQUE<\/p>\n<p>CANTANDO A VIDA&#8230; SAMBISTA IMORTAL!<\/p>\n<p>NO JACAREZINHO DEU N\u00d3 NA TRISTEZA<\/p>\n<p>E FEZ DA VIDA CARNAVAL!<\/p>\n<p>A VOZ DO MORRO \u00c9 QUEM DIZ<\/p>\n<p>UM BAMBA SABE DE COR<\/p>\n<p>\u201cPILARES&#8221; DESSA RAIZ<\/p>\n<p>O TEU ORGULHO MAIOR<\/p>\n<p>TORR\u00c3O AMADO, TE FEZ GENTE COMO A GENTE<\/p>\n<p>NEM MELHOR, NEM PIOR, APENAS DIFERENTE<\/p>\n<p>PINTOU DE ROSA E BRANCO A INSPIRA\u00c7\u00c3O,<\/p>\n<p>DO VENTRE QUE DESPERTA A CRIA\u00c7\u00c3O<\/p>\n<p>BATIZADO PELOS MENESTR\u00c9IS&#8230;<\/p>\n<p>E SALGUEIRENSE DA CABE\u00c7A AOS P\u00c9S!<\/p>\n<p>REVELA PARA OS PALCOS BRASILEIROS<\/p>\n<p>O TALENTO VERDADEIRO&#8230;<\/p>\n<p>DE QUEM DEIXOU ACONTECER NATURALMENTE<\/p>\n<p>S\u00c3O NOVOS TEMPOS E A TRILHA \u00c9 O AMOR<\/p>\n<p>LEGADO QUE DOZINHA GUIOU<\/p>\n<p>PATENTE ALTA DO SAMBA!<\/p>\n<p>PLANTOU A SEMENTE DE BAMBA<\/p>\n<p>TEU CORA\u00c7\u00c3O RADIANTE N\u00c3O DEIXA NEGAR<\/p>\n<p>\u00c9 DEUS QUEM APONTA A ESTRELA QUE TEM QUE BRILHAR!<\/p>\n<p>SAPUCA\u00cd VAI TREMER QUANDO A SIRENE TOCAR&#8230;<\/p>\n<p>JACAREZINHO, TACA FOGO NO CONGA!<\/p>\n<p>VAI TER PAGODE E SAMBA-ENREDO NESSA FESTA<\/p>\n<p>CHAMA XANDE DE PILARES PRA SER COROADO NA FAVELA!<\/p>\n<p>\u00c1udio e letra do samba campe\u00e3o &#8211;  https:\/\/drive.google.com\/drive\/folders\/1cfUSF8nTJ5KkJEbX4aJq6OHhgul59pMd?usp=sharing <\/p>\n<p>Cr\u00e9ditos: Gabriel Belmiro<\/p>\n","protected":false},"excerpt":{"rendered":"<p>&#8220;Pilares&#8221; dessa raiz! Parceria de Paulinho Bandolim \u00e9 a campe\u00e3 na Unidos do Jacarezinho Escola homenagear\u00e1 Xande de Pilares no retorno \u00e0 Marqu\u00eas de Sapuca\u00ed A Unidos do Jacarezinho escolheu na madrugada deste s\u00e1bado o seu hino oficial para o Carnaval 2026. No concurso que come\u00e7ou com 8 sambas inscritos, venceu a parceria de Paulinho [&hellip;]<\/p>\n","protected":false},"author":1,"featured_media":3832,"comment_status":"closed","ping_status":"closed","sticky":false,"template":"","format":"standard","meta":{"footnotes":""},"categories":[13],"tags":[],"class_list":["post-3831","post","type-post","status-publish","format-standard","has-post-thumbnail","hentry","category-fashion"],"_links":{"self":[{"href":"https:\/\/mundodocarnaval.com.br\/pt_br\/wp-json\/wp\/v2\/posts\/3831","targetHints":{"allow":["GET"]}}],"collection":[{"href":"https:\/\/mundodocarnaval.com.br\/pt_br\/wp-json\/wp\/v2\/posts"}],"about":[{"href":"https:\/\/mundodocarnaval.com.br\/pt_br\/wp-json\/wp\/v2\/types\/post"}],"author":[{"embeddable":true,"href":"https:\/\/mundodocarnaval.com.br\/pt_br\/wp-json\/wp\/v2\/users\/1"}],"replies":[{"embeddable":true,"href":"https:\/\/mundodocarnaval.com.br\/pt_br\/wp-json\/wp\/v2\/comments?post=3831"}],"version-history":[{"count":1,"href":"https:\/\/mundodocarnaval.com.br\/pt_br\/wp-json\/wp\/v2\/posts\/3831\/revisions"}],"predecessor-version":[{"id":3833,"href":"https:\/\/mundodocarnaval.com.br\/pt_br\/wp-json\/wp\/v2\/posts\/3831\/revisions\/3833"}],"wp:featuredmedia":[{"embeddable":true,"href":"https:\/\/mundodocarnaval.com.br\/pt_br\/wp-json\/wp\/v2\/media\/3832"}],"wp:attachment":[{"href":"https:\/\/mundodocarnaval.com.br\/pt_br\/wp-json\/wp\/v2\/media?parent=3831"}],"wp:term":[{"taxonomy":"category","embeddable":true,"href":"https:\/\/mundodocarnaval.com.br\/pt_br\/wp-json\/wp\/v2\/categories?post=3831"},{"taxonomy":"post_tag","embeddable":true,"href":"https:\/\/mundodocarnaval.com.br\/pt_br\/wp-json\/wp\/v2\/tags?post=3831"}],"curies":[{"name":"wp","href":"https:\/\/api.w.org\/{rel}","templated":true}]}}