{"id":3840,"date":"2025-10-21T23:18:09","date_gmt":"2025-10-22T02:18:09","guid":{"rendered":"https:\/\/mundodocarnaval.com.br\/?p=3840"},"modified":"2025-10-21T23:18:09","modified_gmt":"2025-10-22T02:18:09","slug":"em-acao-social-academicos-do-tucuruvi-faz-a-diferenca","status":"publish","type":"post","link":"https:\/\/mundodocarnaval.com.br\/pt_br\/em-acao-social-academicos-do-tucuruvi-faz-a-diferenca\/","title":{"rendered":"Em a\u00e7\u00e3o social Acad\u00eamicos do Tucuruvi faz a diferen\u00e7a"},"content":{"rendered":"<p>Outubro Rosa: Em a\u00e7\u00e3o social Acad\u00eamicos do Tucuruvi faz a diferen\u00e7a e espalha esperan\u00e7a e amor<\/p>\n<p>No pr\u00f3ximo s\u00e1bado, 25 de Outubro, das 09h \u00e0s 14h, a Escola de Samba Acad\u00eamicos do Tucuruvi recebe atendimentos de sa\u00fade, vacina\u00e7\u00e3o, cidadania, orienta\u00e7\u00e3o jur\u00eddica, beleza e bem-estar, al\u00e9m de atra\u00e7\u00f5es culturais abertas a toda a comunidade.<\/p>\n<p>A Tucuruvi comprometida com a\u00e7\u00f5es de responsabilidade social e promo\u00e7\u00e3o da sa\u00fade, entende o seu papel de transforma\u00e7\u00e3o no territ\u00f3rio e reafirma o seu comprometimento com a comunidade, mobilizando m\u00faltiplos servi\u00e7os e promovendo a integra\u00e7\u00e3o entre poder p\u00fablico, sociedade civil e setor privado, consolidando assim, a a\u00e7\u00e3o Outubro Rosa como um momento de valoriza\u00e7\u00e3o da comunidade e de fortalecimento do v\u00ednculo social.<\/p>\n<p>O evento, totalmente gratuito e aberto ao p\u00fablico feminino, re\u00fane uma ampla rede de parceiros institucionais, entidades sociais e \u00f3rg\u00e3os p\u00fablicos para oferecer servi\u00e7os essenciais, atendimentos, orienta\u00e7\u00f5es e atividades culturais.<\/p>\n<p>Organizado pelo Departamento Social da agremia\u00e7\u00e3o, o evento ser\u00e1 realizado na nova quadra, localizada na Rua Manoel Gaya, n\u00ba 206 &#8211; Vila Nova Mazzei.<\/p>\n<p>Durante o evento, a popula\u00e7\u00e3o poder\u00e1 contar com os seguintes servi\u00e7os:<\/p>\n<p>A\u00e7\u00f5es de Sa\u00fade<\/p>\n<p>\u2022 Orienta\u00e7\u00e3o de Preven\u00e7\u00e3o do C\u00e2ncer de Mama e Colo de \u00datero<\/p>\n<p>\u2022 A\u00e7\u00e3o de Vacina\u00e7\u00e3o \u2013 Vacina\u00e7\u00e3o de Sarampo, COVID, Febre Amarela e Influenza<\/p>\n<p>\u2022 Verifica\u00e7\u00e3o de Press\u00e3o Arterial<\/p>\n<p>\u2022 Orienta\u00e7\u00e3o Nutricional para Mulheres<\/p>\n<p>\u2022 Avalia\u00e7\u00e3o de IMC<\/p>\n<p>\u2022 Orienta\u00e7\u00e3o Odontol\u00f3gica \u2013 Entrega de Kit Sa\u00fade Bucal<\/p>\n<p>A\u00e7\u00f5es de Cidadania<\/p>\n<p>Orienta\u00e7\u00f5es de Defesa e Conveni\u00eancia da Mulher:<\/p>\n<p>\u2022 Apoio a mulheres em situa\u00e7\u00e3o de viol\u00eancia ou vulnerabilidade.<\/p>\n<p>\u2022 Atendimentos voltados para a prote\u00e7\u00e3o, apoio e empoderamento das mulheres<\/p>\n<p>Centro de Cidadania Luana Barbosa &#8211; LGBTQIA+:<\/p>\n<p>\u2022 Atendimento jur\u00eddico, psicol\u00f3gico e assist\u00eancia social.<\/p>\n<p>\u2022 Apoio para v\u00edtimas de discrimina\u00e7\u00e3o, viol\u00eancia e preconceito.<\/p>\n<p>\u2022 Programa Transcidadania: focado em travestis, transexuais e pessoas trans em situa\u00e7\u00e3o de vulnerabilidade. Oferece educa\u00e7\u00e3o (fundamental, m\u00e9dio), oficinas de qualifica\u00e7\u00e3o profissional etc.<\/p>\n<p>SOS Advogados:<\/p>\n<p>\u2022 Orienta\u00e7\u00e3o Jur\u00eddica para Mulheres:<\/p>\n<p>\u2022 \u00c1reas: viol\u00eancia dom\u00e9stica (Lei Maria da Penha), pens\u00e3o aliment\u00edcia, guarda de filhos, div\u00f3rcio, direitos trabalhistas e benef\u00edcios sociais.<\/p>\n<p>GPS \u2013 Servi\u00e7os<\/p>\n<p>Vagas de Emprego \u2013 Recrutamento para recoloca\u00e7\u00e3o da mulher no mercado de trabalho \u2013 Somente vagas para mulheres. Recepcionista, Controladora de Acesso, Auxiliar de Limpeza e Copeira.<\/p>\n<p>A\u00e7\u00f5es de Beleza e Bem-Estar<\/p>\n<p>Esta\u00e7\u00e3o da Beleza:<\/p>\n<p>\u2022 Exalta\u00e7\u00e3o da beleza feminina atrav\u00e9s de corte, penteado e maquiagem de forma gratuita.<\/p>\n<p>Esta\u00e7\u00e3o de Pr\u00e1tica Integrativa de Sa\u00fade e bem-estar:<\/p>\n<p>\u2022 Barras de Access &#8211; Pr\u00e1ticas de bem-estar, relaxamento e expans\u00e3o de consci\u00eancia \u2013 Silvia.<\/p>\n<p>\u2022 Auriculoterapia &#8211; Terapia que utiliza pontos espec\u00edficos na orelha para tratar diferentes condi\u00e7\u00f5es f\u00edsicas e emocionais.<\/p>\n<p>Esta\u00e7\u00e3o de Recrea\u00e7\u00e3o Infantil:<\/p>\n<p>\u2022 Espa\u00e7o Kids \u2013 Divers\u00e3o e entretenimento para as crian\u00e7as, para que as mam\u00e3es possam aproveitar o seu dia especial.<\/p>\n<p>\u2022 Brincadeiras, Conta\u00e7\u00e3o de hist\u00f3ria<\/p>\n<p>\u2022 Oficina de Bobbie Goods e Pintura Facial.<\/p>\n<p>A Escola de Samba Acad\u00eamicos do Tucuruvi, comprometida com a\u00e7\u00f5es de responsabilidade social e promo\u00e7\u00e3o da sa\u00fade, entende o seu papel de transforma\u00e7\u00e3o no territ\u00f3rio e reafirma o seu comprometimento com a comunidade, mobilizando m\u00faltiplos servi\u00e7os e promovendo a integra\u00e7\u00e3o entre poder p\u00fablico, sociedade civil e setor privado, consolidando assim, a a\u00e7\u00e3o Outubro Rosa como um momento de valoriza\u00e7\u00e3o da comunidade e de fortalecimento do v\u00ednculo social.<\/p>\n<p>Cr\u00e9dito das Fotos: Roberto Batista \/ Divulga\u00e7\u00e3o<\/p>\n","protected":false},"excerpt":{"rendered":"<p>Outubro Rosa: Em a\u00e7\u00e3o social Acad\u00eamicos do Tucuruvi faz a diferen\u00e7a e espalha esperan\u00e7a e amor No pr\u00f3ximo s\u00e1bado, 25 de Outubro, das 09h \u00e0s 14h, a Escola de Samba Acad\u00eamicos do Tucuruvi recebe atendimentos de sa\u00fade, vacina\u00e7\u00e3o, cidadania, orienta\u00e7\u00e3o jur\u00eddica, beleza e bem-estar, al\u00e9m de atra\u00e7\u00f5es culturais abertas a toda a comunidade. A Tucuruvi [&hellip;]<\/p>\n","protected":false},"author":1,"featured_media":3841,"comment_status":"closed","ping_status":"closed","sticky":false,"template":"","format":"standard","meta":{"footnotes":""},"categories":[167],"tags":[],"class_list":["post-3840","post","type-post","status-publish","format-standard","has-post-thumbnail","hentry","category-carnaval-de-sao-paulo"],"_links":{"self":[{"href":"https:\/\/mundodocarnaval.com.br\/pt_br\/wp-json\/wp\/v2\/posts\/3840","targetHints":{"allow":["GET"]}}],"collection":[{"href":"https:\/\/mundodocarnaval.com.br\/pt_br\/wp-json\/wp\/v2\/posts"}],"about":[{"href":"https:\/\/mundodocarnaval.com.br\/pt_br\/wp-json\/wp\/v2\/types\/post"}],"author":[{"embeddable":true,"href":"https:\/\/mundodocarnaval.com.br\/pt_br\/wp-json\/wp\/v2\/users\/1"}],"replies":[{"embeddable":true,"href":"https:\/\/mundodocarnaval.com.br\/pt_br\/wp-json\/wp\/v2\/comments?post=3840"}],"version-history":[{"count":1,"href":"https:\/\/mundodocarnaval.com.br\/pt_br\/wp-json\/wp\/v2\/posts\/3840\/revisions"}],"predecessor-version":[{"id":3842,"href":"https:\/\/mundodocarnaval.com.br\/pt_br\/wp-json\/wp\/v2\/posts\/3840\/revisions\/3842"}],"wp:featuredmedia":[{"embeddable":true,"href":"https:\/\/mundodocarnaval.com.br\/pt_br\/wp-json\/wp\/v2\/media\/3841"}],"wp:attachment":[{"href":"https:\/\/mundodocarnaval.com.br\/pt_br\/wp-json\/wp\/v2\/media?parent=3840"}],"wp:term":[{"taxonomy":"category","embeddable":true,"href":"https:\/\/mundodocarnaval.com.br\/pt_br\/wp-json\/wp\/v2\/categories?post=3840"},{"taxonomy":"post_tag","embeddable":true,"href":"https:\/\/mundodocarnaval.com.br\/pt_br\/wp-json\/wp\/v2\/tags?post=3840"}],"curies":[{"name":"wp","href":"https:\/\/api.w.org\/{rel}","templated":true}]}}