{"id":3843,"date":"2025-10-21T23:52:58","date_gmt":"2025-10-22T02:52:58","guid":{"rendered":"https:\/\/mundodocarnaval.com.br\/?p=3843"},"modified":"2025-10-21T23:52:59","modified_gmt":"2025-10-22T02:52:59","slug":"em-salvador-ba-uniao-de-marica-participa-de-celebracao-com-o-ile-aiye","status":"publish","type":"post","link":"https:\/\/mundodocarnaval.com.br\/pt_br\/em-salvador-ba-uniao-de-marica-participa-de-celebracao-com-o-ile-aiye\/","title":{"rendered":"Em Salvador-BA, Uni\u00e3o de Maric\u00e1 participa de celebra\u00e7\u00e3o com o Il\u00ea Aiy\u00ea"},"content":{"rendered":"<p>Em Salvador-BA, Uni\u00e3o de Maric\u00e1 participa de celebra\u00e7\u00e3o com o Il\u00ea Aiy\u00ea<br \/>\nEscola levou seus segmentos para apresenta\u00e7\u00e3o no Pelourinho durante o lan\u00e7amento do tema do bloco para o Carnaval 2026<\/p>\n<p>A Uni\u00e3o de Maric\u00e1 viveu um final de semana inesquec\u00edvel. Na Bahia, a escola participou do lan\u00e7amento do tema do Il\u00ea Aiy\u00ea para o Carnaval 2026, realizado no Largo Quincas Berro D\u2019\u00c1gua, no Pelourinho, em Salvador, na noite do \u00faltimo s\u00e1bado (18). O evento reuniu express\u00f5es da cultura afro-brasileira e celebrou a uni\u00e3o entre Bahia e a cidade da agremia\u00e7\u00e3o, destacando o tema \u201cTurbantes e Cocares: a hist\u00f3ria de resist\u00eancia do povo afro e ind\u00edgena de Maric\u00e1\u201d, que o bloco vai apresentar na folia baiana.<\/p>\n<p>Matheus Santos, presidente da Uni\u00e3o de Maric\u00e1, celebrou essa parceria entre a Uni\u00e3o de Maric\u00e1 e o Il\u00ea Aiy\u00ea. Ele destacou a import\u00e2ncia de fazer com que a escola possa atingir novos p\u00fablicos, mostrando a for\u00e7a do samba.<\/p>\n<p>\u201cEstar ao lado do Il\u00ea Aiy\u00ea \u00e9 motivo de orgulho para a Uni\u00e3o de Maric\u00e1. Estou muito feliz porque estamos levando o samba da nossa cidade cada vez mais longe. Agrade\u00e7o ao Vov\u00f4 do Il\u00ea pelo carinho, pela amizade e por proporcionar esse interc\u00e2mbio cultural conosco\u201d, afirmou Matheus Santos.<\/p>\n<p>O lan\u00e7amento do tema contou com apresenta\u00e7\u00f5es da anfitri\u00e3 Band\u2019Aiy\u00ea, da banda Orisun e da Uni\u00e3o de Maric\u00e1, que levou seus segmentos liderados pelo int\u00e9rprete Z\u00e9 Paulo Sierra para uma grande celebra\u00e7\u00e3o no Pelourinho.<\/p>\n<p>A rela\u00e7\u00e3o entre o Il\u00ea Aiy\u00ea e a Uni\u00e3o de Maric\u00e1 tem se fortalecido desde junho, quando o bloco afro participou do lan\u00e7amento do enredo da escola carioca. A parceria com a cidade se estende atrav\u00e9s do projeto \u201cIl\u00ea in Maric\u00e1\u201d, uma iniciativa que promove oficinas e cursos gratuitos de cultura afro-brasileira em comunidades de Maric\u00e1, com aulas de dan\u00e7a, percuss\u00e3o, tran\u00e7as e turbantes.<\/p>\n<p>Fotos: Ney Junior<\/p>\n","protected":false},"excerpt":{"rendered":"<p>Em Salvador-BA, Uni\u00e3o de Maric\u00e1 participa de celebra\u00e7\u00e3o com o Il\u00ea Aiy\u00ea Escola levou seus segmentos para apresenta\u00e7\u00e3o no Pelourinho durante o lan\u00e7amento do tema do bloco para o Carnaval 2026 A Uni\u00e3o de Maric\u00e1 viveu um final de semana inesquec\u00edvel. Na Bahia, a escola participou do lan\u00e7amento do tema do Il\u00ea Aiy\u00ea para o [&hellip;]<\/p>\n","protected":false},"author":1,"featured_media":3844,"comment_status":"closed","ping_status":"closed","sticky":false,"template":"","format":"standard","meta":{"footnotes":""},"categories":[13],"tags":[],"class_list":["post-3843","post","type-post","status-publish","format-standard","has-post-thumbnail","hentry","category-fashion"],"_links":{"self":[{"href":"https:\/\/mundodocarnaval.com.br\/pt_br\/wp-json\/wp\/v2\/posts\/3843","targetHints":{"allow":["GET"]}}],"collection":[{"href":"https:\/\/mundodocarnaval.com.br\/pt_br\/wp-json\/wp\/v2\/posts"}],"about":[{"href":"https:\/\/mundodocarnaval.com.br\/pt_br\/wp-json\/wp\/v2\/types\/post"}],"author":[{"embeddable":true,"href":"https:\/\/mundodocarnaval.com.br\/pt_br\/wp-json\/wp\/v2\/users\/1"}],"replies":[{"embeddable":true,"href":"https:\/\/mundodocarnaval.com.br\/pt_br\/wp-json\/wp\/v2\/comments?post=3843"}],"version-history":[{"count":1,"href":"https:\/\/mundodocarnaval.com.br\/pt_br\/wp-json\/wp\/v2\/posts\/3843\/revisions"}],"predecessor-version":[{"id":3845,"href":"https:\/\/mundodocarnaval.com.br\/pt_br\/wp-json\/wp\/v2\/posts\/3843\/revisions\/3845"}],"wp:featuredmedia":[{"embeddable":true,"href":"https:\/\/mundodocarnaval.com.br\/pt_br\/wp-json\/wp\/v2\/media\/3844"}],"wp:attachment":[{"href":"https:\/\/mundodocarnaval.com.br\/pt_br\/wp-json\/wp\/v2\/media?parent=3843"}],"wp:term":[{"taxonomy":"category","embeddable":true,"href":"https:\/\/mundodocarnaval.com.br\/pt_br\/wp-json\/wp\/v2\/categories?post=3843"},{"taxonomy":"post_tag","embeddable":true,"href":"https:\/\/mundodocarnaval.com.br\/pt_br\/wp-json\/wp\/v2\/tags?post=3843"}],"curies":[{"name":"wp","href":"https:\/\/api.w.org\/{rel}","templated":true}]}}