{"id":4009,"date":"2025-11-21T18:40:15","date_gmt":"2025-11-21T21:40:15","guid":{"rendered":"https:\/\/mundodocarnaval.com.br\/?p=4009"},"modified":"2025-11-21T18:40:16","modified_gmt":"2025-11-21T21:40:16","slug":"prefeitura-de-niteroi-anuncia-datas-de-pagamento","status":"publish","type":"post","link":"https:\/\/mundodocarnaval.com.br\/pt_br\/prefeitura-de-niteroi-anuncia-datas-de-pagamento\/","title":{"rendered":"Prefeitura de Niter\u00f3i anuncia datas de pagamento"},"content":{"rendered":"<p>Prefeitura de Niter\u00f3i anuncia datas de pagamento da subven\u00e7\u00e3o \u00e0s escolas de samba<\/p>\n<p>Agremia\u00e7\u00f5es receber\u00e3o o dinheiro em duas parcelas, sendo a primeira no dia 24 de novembro<\/p>\n<p>21\/11\/2025 &#8211; A Prefeitura de Niter\u00f3i deu mais um passo para o planejamento do carnaval 2026. Nesta quinta-feira (20), o prefeito Rodrigo Neves se reuniu com representantes das agremia\u00e7\u00f5es locais e anunciou as datas do pagamento da subven\u00e7\u00e3o \u00e0s escolas de samba. Diferentemente dos anos anteriores, o dep\u00f3sito ser\u00e1 efetuado em duas parcelas: a primeira em 24 de novembro e a segunda at\u00e9 o dia 15 de dezembro. A folia na cidade ser\u00e1 realizada nos dias 6, 7 e 8 de fevereiro, uma semana antes do calend\u00e1rio do Rio de Janeiro, com desfiles organizados em tr\u00eas categorias \u2015 S\u00e9rie Ouro (sexta-feira), Grupo Especial (s\u00e1bado) e S\u00e9rie Prata (domingo), encerrando com o Grupo de Avalia\u00e7\u00e3o.<\/p>\n<p>Participaram do encontro o secret\u00e1rio de Governo e presidente da Comiss\u00e3o do Carnaval, Paulo Bagueira; o presidente da Niter\u00f3i Empresa de Lazer e Turismo (Neltur), Andr\u00e9 Bento; a presidente da Funda\u00e7\u00e3o de Arte de Niter\u00f3i (FAN), Micaela Costa, e os vereadores Binho Guimar\u00e3es, l\u00edder do governo na C\u00e2mara Municipal, e Anderson Pipico. Os valores das subven\u00e7\u00f5es foram publicados pela Neltur em Di\u00e1rio Oficial e incluem contrapartidas como ensaios abertos ou atividades culturais gratuitas \u00e0 popula\u00e7\u00e3o.<\/p>\n<p>Durante a reuni\u00e3o, o prefeito Rodrigo Neves ressaltou a import\u00e2ncia do carnaval.<\/p>\n<p>\u201cCarnaval n\u00e3o \u00e9 gasto, \u00e9 investimento. E esse investimento retorna, porque gera emprego, gera renda, traz visitante e gera atividade na cidade. \u00c9 o \u00fanico momento do ano em que o povo trabalhador tem direito de curtir durante alguns dias e fazer seu samba com a sua fam\u00edlia. Ent\u00e3o, tem uma conquista que \u00e9 intang\u00edvel, que n\u00e3o \u00e9 s\u00f3 o visitante, a receita, a gera\u00e7\u00e3o de emprego. \u00c9 a felicidade do nosso povo\u201d, afirmou ele.<\/p>\n<p>Al\u00e9m do pagamento da subven\u00e7\u00e3o \u00e0s escolas de samba em duas parcelas, o carnaval 2026 em Niter\u00f3i ter\u00e1 como novidade a implanta\u00e7\u00e3o da Passarela do Samba em linha reta no Caminho Niemeyer. A medida garantir\u00e1 mais visibilidade e melhores condi\u00e7\u00f5es para as apresenta\u00e7\u00f5es.<\/p>\n<p>Lei garante patroc\u00ednio transparente<\/p>\n<p>Em Niter\u00f3i, a Lei Municipal 192\/23 define oficialmente a subven\u00e7\u00e3o \u00e0s escolas de samba, blocos e carnavais de rua da cidade. A norma estabelece o calend\u00e1rio de pagamento a ser feito pela Prefeitura, com reajuste anual pelo IPCA, e determina que os recursos sejam aplicados exclusivamente na produ\u00e7\u00e3o do Carnaval, seguindo os princ\u00edpios da administra\u00e7\u00e3o p\u00fablica. Est\u00e3o vedados gastos com festas, churrascos, bebidas alco\u00f3licas ou despesas correlatas. Al\u00e9m disso, as agremia\u00e7\u00f5es devem prestar contas da verba recebida e desenvolver atividades educativas, como ensaios abertos, oficinas, palestras e exposi\u00e7\u00f5es, garantindo o fortalecimento da cadeia produtiva do carnaval.<\/p>\n<p>Fotos: Lucas Benevides<\/p>\n","protected":false},"excerpt":{"rendered":"<p>Prefeitura de Niter\u00f3i anuncia datas de pagamento da subven\u00e7\u00e3o \u00e0s escolas de samba Agremia\u00e7\u00f5es receber\u00e3o o dinheiro em duas parcelas, sendo a primeira no dia 24 de novembro 21\/11\/2025 &#8211; A Prefeitura de Niter\u00f3i deu mais um passo para o planejamento do carnaval 2026. Nesta quinta-feira (20), o prefeito Rodrigo Neves se reuniu com representantes [&hellip;]<\/p>\n","protected":false},"author":1,"featured_media":4010,"comment_status":"closed","ping_status":"closed","sticky":false,"template":"","format":"standard","meta":{"footnotes":""},"categories":[11],"tags":[],"class_list":["post-4009","post","type-post","status-publish","format-standard","has-post-thumbnail","hentry","category-noticias"],"_links":{"self":[{"href":"https:\/\/mundodocarnaval.com.br\/pt_br\/wp-json\/wp\/v2\/posts\/4009","targetHints":{"allow":["GET"]}}],"collection":[{"href":"https:\/\/mundodocarnaval.com.br\/pt_br\/wp-json\/wp\/v2\/posts"}],"about":[{"href":"https:\/\/mundodocarnaval.com.br\/pt_br\/wp-json\/wp\/v2\/types\/post"}],"author":[{"embeddable":true,"href":"https:\/\/mundodocarnaval.com.br\/pt_br\/wp-json\/wp\/v2\/users\/1"}],"replies":[{"embeddable":true,"href":"https:\/\/mundodocarnaval.com.br\/pt_br\/wp-json\/wp\/v2\/comments?post=4009"}],"version-history":[{"count":1,"href":"https:\/\/mundodocarnaval.com.br\/pt_br\/wp-json\/wp\/v2\/posts\/4009\/revisions"}],"predecessor-version":[{"id":4011,"href":"https:\/\/mundodocarnaval.com.br\/pt_br\/wp-json\/wp\/v2\/posts\/4009\/revisions\/4011"}],"wp:featuredmedia":[{"embeddable":true,"href":"https:\/\/mundodocarnaval.com.br\/pt_br\/wp-json\/wp\/v2\/media\/4010"}],"wp:attachment":[{"href":"https:\/\/mundodocarnaval.com.br\/pt_br\/wp-json\/wp\/v2\/media?parent=4009"}],"wp:term":[{"taxonomy":"category","embeddable":true,"href":"https:\/\/mundodocarnaval.com.br\/pt_br\/wp-json\/wp\/v2\/categories?post=4009"},{"taxonomy":"post_tag","embeddable":true,"href":"https:\/\/mundodocarnaval.com.br\/pt_br\/wp-json\/wp\/v2\/tags?post=4009"}],"curies":[{"name":"wp","href":"https:\/\/api.w.org\/{rel}","templated":true}]}}