{"id":4012,"date":"2025-11-22T01:05:29","date_gmt":"2025-11-22T04:05:29","guid":{"rendered":"https:\/\/mundodocarnaval.com.br\/?p=4012"},"modified":"2025-11-22T01:05:29","modified_gmt":"2025-11-22T04:05:29","slug":"esquenta-carnaval-da-serie-ouro-acontece-em-6-de-dezembro","status":"publish","type":"post","link":"https:\/\/mundodocarnaval.com.br\/pt_br\/esquenta-carnaval-da-serie-ouro-acontece-em-6-de-dezembro\/","title":{"rendered":"Esquenta Carnaval da S\u00e9rie Ouro acontece em 6 de dezembro"},"content":{"rendered":"<p>Esquenta Carnaval da S\u00e9rie Ouro acontece em 6 de dezembro na Cidade do Samba<br \/>\nTradicionais minidesfiles prometem movimentar o p\u00fablico no pr\u00e9-Carnaval com pr\u00e9vias do que as escolas est\u00e3o preparando<\/p>\n<p>Um dos eventos mais aguardados do pr\u00e9-Carnaval j\u00e1 tem data marcada. Nesta sexta-feira (21), a Liga RJ confirmou a realiza\u00e7\u00e3o do Esquenta Carnaval da S\u00e9rie Ouro 2026 para o dia 6 de dezembro, na Cidade do Samba, com abertura dos port\u00f5es \u00e0s 15h. A entrada ser\u00e1 mediante a doa\u00e7\u00e3o de 1 kg de alimento n\u00e3o perec\u00edvel.<\/p>\n<p>Pioneiro no Rio de Janeiro, o formato de minidesfiles vai reunir as 15 agremia\u00e7\u00f5es filiadas \u00e0 Liga RJ. Nesta edi\u00e7\u00e3o, o p\u00fablico tamb\u00e9m contar\u00e1 com uma atra\u00e7\u00e3o internacional: a Federation du Carnaval Tropical de Paris, escola de samba francesa convidada especialmente para o evento. A proposta \u00e9 aproximar ainda mais o carnaval do p\u00fablico, oferecendo uma pr\u00e9via das apresenta\u00e7\u00f5es que ir\u00e3o cruzar a Sapuca\u00ed em 2026, al\u00e9m de celebrar o lan\u00e7amento do \u00e1lbum dos sambas de enredo.<\/p>\n<p>As escolas que participar\u00e3o do Esquenta Carnaval se apresentar\u00e3o na seguinte ordem: Unidos do Jacarezinho, Botafogo Samba Clube, Inocentes de Belford Roxo, Em Cima da Hora, Unidos de Bangu, Unidos da Ponte, Imp\u00e9rio Serrano, Federation du Carnaval Tropical de Paris (convidada), Uni\u00e3o do Parque Acari, Arranco do Engenho de Dentro, Vig\u00e1rio Geral, Uni\u00e3o de Maric\u00e1, Uni\u00e3o da Ilha do Governador, Porto da Pedra, Unidos de Padre Miguel e Est\u00e1cio de S\u00e1. No fim, haver\u00e1 um grande show com o grupo Caju Pra Baixo.<\/p>\n<p>Desde 2021, o Esquenta Carnaval da S\u00e9rie Ouro vem sendo realizado, consolidando-se como uma das principais atividades no ciclo pr\u00e9-carnavalesco. O evento \u00e9 uma pr\u00e9via do que as escolas v\u00e3o apresentar nos desfiles oficiais, nos dias 13 e 14 de fevereiro, na Marqu\u00eas de Sapuca\u00ed.<\/p>\n<p>Fotos: Liga RJ\/S1 Comunica\u00e7\u00e3o<\/p>\n","protected":false},"excerpt":{"rendered":"<p>Esquenta Carnaval da S\u00e9rie Ouro acontece em 6 de dezembro na Cidade do Samba Tradicionais minidesfiles prometem movimentar o p\u00fablico no pr\u00e9-Carnaval com pr\u00e9vias do que as escolas est\u00e3o preparando Um dos eventos mais aguardados do pr\u00e9-Carnaval j\u00e1 tem data marcada. Nesta sexta-feira (21), a Liga RJ confirmou a realiza\u00e7\u00e3o do Esquenta Carnaval da S\u00e9rie [&hellip;]<\/p>\n","protected":false},"author":1,"featured_media":4013,"comment_status":"closed","ping_status":"closed","sticky":false,"template":"","format":"standard","meta":{"footnotes":""},"categories":[13],"tags":[],"class_list":["post-4012","post","type-post","status-publish","format-standard","has-post-thumbnail","hentry","category-fashion"],"_links":{"self":[{"href":"https:\/\/mundodocarnaval.com.br\/pt_br\/wp-json\/wp\/v2\/posts\/4012","targetHints":{"allow":["GET"]}}],"collection":[{"href":"https:\/\/mundodocarnaval.com.br\/pt_br\/wp-json\/wp\/v2\/posts"}],"about":[{"href":"https:\/\/mundodocarnaval.com.br\/pt_br\/wp-json\/wp\/v2\/types\/post"}],"author":[{"embeddable":true,"href":"https:\/\/mundodocarnaval.com.br\/pt_br\/wp-json\/wp\/v2\/users\/1"}],"replies":[{"embeddable":true,"href":"https:\/\/mundodocarnaval.com.br\/pt_br\/wp-json\/wp\/v2\/comments?post=4012"}],"version-history":[{"count":1,"href":"https:\/\/mundodocarnaval.com.br\/pt_br\/wp-json\/wp\/v2\/posts\/4012\/revisions"}],"predecessor-version":[{"id":4014,"href":"https:\/\/mundodocarnaval.com.br\/pt_br\/wp-json\/wp\/v2\/posts\/4012\/revisions\/4014"}],"wp:featuredmedia":[{"embeddable":true,"href":"https:\/\/mundodocarnaval.com.br\/pt_br\/wp-json\/wp\/v2\/media\/4013"}],"wp:attachment":[{"href":"https:\/\/mundodocarnaval.com.br\/pt_br\/wp-json\/wp\/v2\/media?parent=4012"}],"wp:term":[{"taxonomy":"category","embeddable":true,"href":"https:\/\/mundodocarnaval.com.br\/pt_br\/wp-json\/wp\/v2\/categories?post=4012"},{"taxonomy":"post_tag","embeddable":true,"href":"https:\/\/mundodocarnaval.com.br\/pt_br\/wp-json\/wp\/v2\/tags?post=4012"}],"curies":[{"name":"wp","href":"https:\/\/api.w.org\/{rel}","templated":true}]}}