{"id":4015,"date":"2025-11-22T18:20:07","date_gmt":"2025-11-22T21:20:07","guid":{"rendered":"https:\/\/mundodocarnaval.com.br\/?p=4015"},"modified":"2025-11-22T18:20:07","modified_gmt":"2025-11-22T21:20:07","slug":"independente-da-praca-da-bandeira-anuncia-alysson-coutinho-como-novo-coreografo","status":"publish","type":"post","link":"https:\/\/mundodocarnaval.com.br\/pt_br\/independente-da-praca-da-bandeira-anuncia-alysson-coutinho-como-novo-coreografo\/","title":{"rendered":"Independente da Pra\u00e7a da Bandeira anuncia Alysson Coutinho como novo core\u00f3grafo"},"content":{"rendered":"<p>Independente da Pra\u00e7a da Bandeira anuncia Alysson Coutinho como novo core\u00f3grafo da Comiss\u00e3o de Frente para o Carnaval 2026<\/p>\n<p>A Independente da Pra\u00e7a da Bandeira acaba de confirmar mais um grande refor\u00e7o para o Carnaval 2026. A escola anuncia oficialmente a chegada de Alysson Coutinho como o novo core\u00f3grafo da Comiss\u00e3o de Frente. Aos 21 anos, o artista j\u00e1 acumula passagens por Comiss\u00f5es de Frente do Grupo Especial, S\u00e9rie Ouro e Intendente Magalh\u00e3es, al\u00e9m de atuar em espet\u00e1culos dentro e fora do universo carnavalesco.<\/p>\n<p>Alysson iniciou sua trajet\u00f3ria na dan\u00e7a aos 10 anos, em uma associa\u00e7\u00e3o cultural de dan\u00e7a folcl\u00f3rica junina. Com o tempo, ampliou seu repert\u00f3rio explorando novas linguagens, culturas e possibilidades expressivas. Tr\u00eas anos depois, estreou em sua primeira Comiss\u00e3o de Frente na Marqu\u00eas de Sapuca\u00ed, defendendo a Acad\u00eamicos do Grande Rio.<\/p>\n<p>\u201cQuero agradecer a todos os envolvidos e \u00e0 presid\u00eancia pela confian\u00e7a no meu trabalho. \u00c9 gratificante saber que aquilo que eu fa\u00e7o est\u00e1 sendo visto e reconhecido. Estou muito ansioso e com muita vontade de construir um carnaval lindo junto com essa escola que j\u00e1 mora no meu cora\u00e7\u00e3o. Estamos em busca do t\u00edtulo e podem ter certeza: tudo que eu fa\u00e7o, eu me entrego ao m\u00e1ximo. Eu n\u00e3o apenas passo pelo processo\u2026 eu vivo ele. E, a partir de agora, voc\u00eas v\u00e3o ver meu 110% todos os dias. Vamos juntos!\u201d<\/p>\n<p>A escola, que busca o t\u00edtulo da S\u00e9rie Prata e uma vaga na S\u00e9rie Ouro em 2027, aposta no enredo \u201cGrande Sert\u00e3o Negro\u201d. A Independente da Pra\u00e7a da Bandeira ser\u00e1 a 6\u00aa agremia\u00e7\u00e3o a desfilar no domingo de carnaval, 15 de fevereiro, na Avenida Intendente Magalh\u00e3es, sob a coordena\u00e7\u00e3o da Superliga Carnavalesca do Brasil.<\/p>\n","protected":false},"excerpt":{"rendered":"<p>Independente da Pra\u00e7a da Bandeira anuncia Alysson Coutinho como novo core\u00f3grafo da Comiss\u00e3o de Frente para o Carnaval 2026 A Independente da Pra\u00e7a da Bandeira acaba de confirmar mais um grande refor\u00e7o para o Carnaval 2026. A escola anuncia oficialmente a chegada de Alysson Coutinho como o novo core\u00f3grafo da Comiss\u00e3o de Frente. Aos 21 [&hellip;]<\/p>\n","protected":false},"author":1,"featured_media":4016,"comment_status":"closed","ping_status":"closed","sticky":false,"template":"","format":"standard","meta":{"footnotes":""},"categories":[14],"tags":[],"class_list":["post-4015","post","type-post","status-publish","format-standard","has-post-thumbnail","hentry","category-gadgets"],"_links":{"self":[{"href":"https:\/\/mundodocarnaval.com.br\/pt_br\/wp-json\/wp\/v2\/posts\/4015","targetHints":{"allow":["GET"]}}],"collection":[{"href":"https:\/\/mundodocarnaval.com.br\/pt_br\/wp-json\/wp\/v2\/posts"}],"about":[{"href":"https:\/\/mundodocarnaval.com.br\/pt_br\/wp-json\/wp\/v2\/types\/post"}],"author":[{"embeddable":true,"href":"https:\/\/mundodocarnaval.com.br\/pt_br\/wp-json\/wp\/v2\/users\/1"}],"replies":[{"embeddable":true,"href":"https:\/\/mundodocarnaval.com.br\/pt_br\/wp-json\/wp\/v2\/comments?post=4015"}],"version-history":[{"count":1,"href":"https:\/\/mundodocarnaval.com.br\/pt_br\/wp-json\/wp\/v2\/posts\/4015\/revisions"}],"predecessor-version":[{"id":4017,"href":"https:\/\/mundodocarnaval.com.br\/pt_br\/wp-json\/wp\/v2\/posts\/4015\/revisions\/4017"}],"wp:featuredmedia":[{"embeddable":true,"href":"https:\/\/mundodocarnaval.com.br\/pt_br\/wp-json\/wp\/v2\/media\/4016"}],"wp:attachment":[{"href":"https:\/\/mundodocarnaval.com.br\/pt_br\/wp-json\/wp\/v2\/media?parent=4015"}],"wp:term":[{"taxonomy":"category","embeddable":true,"href":"https:\/\/mundodocarnaval.com.br\/pt_br\/wp-json\/wp\/v2\/categories?post=4015"},{"taxonomy":"post_tag","embeddable":true,"href":"https:\/\/mundodocarnaval.com.br\/pt_br\/wp-json\/wp\/v2\/tags?post=4015"}],"curies":[{"name":"wp","href":"https:\/\/api.w.org\/{rel}","templated":true}]}}