{"id":4018,"date":"2025-11-22T18:29:16","date_gmt":"2025-11-22T21:29:16","guid":{"rendered":"https:\/\/mundodocarnaval.com.br\/?p=4018"},"modified":"2025-11-22T18:29:16","modified_gmt":"2025-11-22T21:29:16","slug":"barodromo-apresenta-cardapio-em-homenagem-aos-enredos","status":"publish","type":"post","link":"https:\/\/mundodocarnaval.com.br\/pt_br\/barodromo-apresenta-cardapio-em-homenagem-aos-enredos\/","title":{"rendered":"Bar\u00f3dromo apresenta Card\u00e1pio em Homenagem aos enredos"},"content":{"rendered":"<p>Bar\u00f3dromo apresenta Card\u00e1pio em Homenagem aos enredos do Carnaval 2026<\/p>\n<p>O tradicional bar, que se tornou reduto do samba e do Carnaval, lan\u00e7ou o card\u00e1pio em homenagem aos enredos das escolas de samba do grupo especial do Rio de Janeiro.<\/p>\n<p>&#8220;Pelo terceiro ano consecutivo homenageamos as escolas de samba com um card\u00e1pio inspirado nos seus enredos, misturando sabores e aromas&#8221;, comentou Felipe Trotta, propriet\u00e1rio do bar.<\/p>\n<p>O processo de prepara\u00e7\u00e3o do novo card\u00e1pio inicia logo ap\u00f3s a escolha dos enredos, metade dos enredos se tornam drinks e outra metade um prato, como \u00e9 o caso da Vila Isabel que tem um prato inspirado em comida boteco para o enredo que conta a trajet\u00f3ria de Heitor dos Prazeres.<\/p>\n<p>O Bar\u00f3dromo, em mais de 10 anos de exist\u00eancia, se tornou um lugar de afeto e encontro para o sambista. &#8220;Acreditamos que atrav\u00e9s do paladar o torcedor pode estar mais pr\u00f3ximo da sua escola&#8221;, analisa Felipe Trotta ao refletir sobre o bar.<\/p>\n<p>O Bar\u00f3dromo est\u00e1 aberto de ter\u00e7a a domingo com entrada gratuita.<\/p>\n<p>Servi\u00e7o:<br \/>\nLocal: Rua Dona Zulmira, 41, Maracan\u00e3<br \/>\nFuncionamento:<br \/>\nTerca a quinta: 17h \u00e0 meia noite<br \/>\nSexta: 17h \u00e0 1h<br \/>\nS\u00e1bado: 12h \u00e0 1h<br \/>\nDomingo: 12h \u00e0s 22h<br \/>\nInstagram: https:\/\/www.instagram.com\/barodromo<\/p>\n","protected":false},"excerpt":{"rendered":"<p>Bar\u00f3dromo apresenta Card\u00e1pio em Homenagem aos enredos do Carnaval 2026 O tradicional bar, que se tornou reduto do samba e do Carnaval, lan\u00e7ou o card\u00e1pio em homenagem aos enredos das escolas de samba do grupo especial do Rio de Janeiro. &#8220;Pelo terceiro ano consecutivo homenageamos as escolas de samba com um card\u00e1pio inspirado nos seus [&hellip;]<\/p>\n","protected":false},"author":1,"featured_media":4020,"comment_status":"closed","ping_status":"closed","sticky":false,"template":"","format":"standard","meta":{"footnotes":""},"categories":[11],"tags":[],"class_list":["post-4018","post","type-post","status-publish","format-standard","has-post-thumbnail","hentry","category-noticias"],"_links":{"self":[{"href":"https:\/\/mundodocarnaval.com.br\/pt_br\/wp-json\/wp\/v2\/posts\/4018","targetHints":{"allow":["GET"]}}],"collection":[{"href":"https:\/\/mundodocarnaval.com.br\/pt_br\/wp-json\/wp\/v2\/posts"}],"about":[{"href":"https:\/\/mundodocarnaval.com.br\/pt_br\/wp-json\/wp\/v2\/types\/post"}],"author":[{"embeddable":true,"href":"https:\/\/mundodocarnaval.com.br\/pt_br\/wp-json\/wp\/v2\/users\/1"}],"replies":[{"embeddable":true,"href":"https:\/\/mundodocarnaval.com.br\/pt_br\/wp-json\/wp\/v2\/comments?post=4018"}],"version-history":[{"count":1,"href":"https:\/\/mundodocarnaval.com.br\/pt_br\/wp-json\/wp\/v2\/posts\/4018\/revisions"}],"predecessor-version":[{"id":4021,"href":"https:\/\/mundodocarnaval.com.br\/pt_br\/wp-json\/wp\/v2\/posts\/4018\/revisions\/4021"}],"wp:featuredmedia":[{"embeddable":true,"href":"https:\/\/mundodocarnaval.com.br\/pt_br\/wp-json\/wp\/v2\/media\/4020"}],"wp:attachment":[{"href":"https:\/\/mundodocarnaval.com.br\/pt_br\/wp-json\/wp\/v2\/media?parent=4018"}],"wp:term":[{"taxonomy":"category","embeddable":true,"href":"https:\/\/mundodocarnaval.com.br\/pt_br\/wp-json\/wp\/v2\/categories?post=4018"},{"taxonomy":"post_tag","embeddable":true,"href":"https:\/\/mundodocarnaval.com.br\/pt_br\/wp-json\/wp\/v2\/tags?post=4018"}],"curies":[{"name":"wp","href":"https:\/\/api.w.org\/{rel}","templated":true}]}}