{"id":4022,"date":"2025-11-22T18:34:57","date_gmt":"2025-11-22T21:34:57","guid":{"rendered":"https:\/\/mundodocarnaval.com.br\/?p=4022"},"modified":"2025-11-22T18:34:57","modified_gmt":"2025-11-22T21:34:57","slug":"salgueiro-convida-mocidade-alegre-encontro-historico-entre-duas-potencias","status":"publish","type":"post","link":"https:\/\/mundodocarnaval.com.br\/pt_br\/salgueiro-convida-mocidade-alegre-encontro-historico-entre-duas-potencias\/","title":{"rendered":"Salgueiro Convida Mocidade Alegre: Encontro Hist\u00f3rico entre Duas Pot\u00eancias"},"content":{"rendered":"<p>Salgueiro Convida Mocidade Alegre: Encontro Hist\u00f3rico entre Duas Pot\u00eancias do Samba Acontece neste S\u00e1bado (22)<\/p>\n<p>O ritmo, a tradi\u00e7\u00e3o e a energia do carnaval v\u00e3o tomar conta da quadra do Acad\u00eamicos do Salgueiro neste s\u00e1bado, a partir das 20h30, com mais uma edi\u00e7\u00e3o especial do evento \u201cSalgueiro Convida\u201d. E neste s\u00e1bado a convidada vem de S\u00e3o Paulo.  Mocidade Alegre chega no Torr\u00e3o Amado para uma noite que promete um espet\u00e1culo inesquec\u00edvel por reunir duas das mais respeitadas escolas de samba do pa\u00eds:<\/p>\n<p>A programa\u00e7\u00e3o tem in\u00edcio com a apresenta\u00e7\u00e3o dos segmentos da escola anfitri\u00e3, que receber\u00e1 o p\u00fablico com todo o seu brilho caracter\u00edstico. O cortejo salgueirense ser\u00e1 acompanhado pela pot\u00eancia sonora da Bateria Furiosa, conduzindo a plateia por um passeio emocionante atrav\u00e9s de sambas-enredo que marcaram a hist\u00f3ria da vermelho e branco.<\/p>\n<p>Em seguida, a convidada especial da noite, a Mocidade Alegre, sobe ao palco para celebrar a amizade e a uni\u00e3o entre as coirm\u00e3s. A escola de S\u00e3o Paulo promete levar sua for\u00e7a, tradi\u00e7\u00e3o e carisma, em uma apresenta\u00e7\u00e3o que deve emocionar sambistas e admiradores do carnaval de todo o Brasil.<\/p>\n<p>O encontro refor\u00e7a n\u00e3o apenas a troca cultural entre os dois estados, mas tamb\u00e9m a valoriza\u00e7\u00e3o do samba como express\u00e3o art\u00edstica e social. Uma noite \u00fanica, feita para quem respira carnaval o ano inteiro.<\/p>\n<p>Servi\u00e7o:<br \/>\nEvento: Sangueiro Convida Mocidade Alegre<br \/>\nData: S\u00e1bado | A partir das 20h30<br \/>\nLocal: Quadra do Acad\u00eamicos do Salgueiro<br \/>\nClassifica\u00e7\u00e3o: Livre<\/p>\n<p>ingressos: guich\u00ea web.<\/p>\n<p>foto: Raphael Vidal \/ Salgueiro<\/p>\n","protected":false},"excerpt":{"rendered":"<p>Salgueiro Convida Mocidade Alegre: Encontro Hist\u00f3rico entre Duas Pot\u00eancias do Samba Acontece neste S\u00e1bado (22) O ritmo, a tradi\u00e7\u00e3o e a energia do carnaval v\u00e3o tomar conta da quadra do Acad\u00eamicos do Salgueiro neste s\u00e1bado, a partir das 20h30, com mais uma edi\u00e7\u00e3o especial do evento \u201cSalgueiro Convida\u201d. E neste s\u00e1bado a convidada vem de [&hellip;]<\/p>\n","protected":false},"author":1,"featured_media":4023,"comment_status":"closed","ping_status":"closed","sticky":false,"template":"","format":"standard","meta":{"footnotes":""},"categories":[167,12],"tags":[],"class_list":["post-4022","post","type-post","status-publish","format-standard","has-post-thumbnail","hentry","category-carnaval-de-sao-paulo","category-grupo-especial"],"_links":{"self":[{"href":"https:\/\/mundodocarnaval.com.br\/pt_br\/wp-json\/wp\/v2\/posts\/4022","targetHints":{"allow":["GET"]}}],"collection":[{"href":"https:\/\/mundodocarnaval.com.br\/pt_br\/wp-json\/wp\/v2\/posts"}],"about":[{"href":"https:\/\/mundodocarnaval.com.br\/pt_br\/wp-json\/wp\/v2\/types\/post"}],"author":[{"embeddable":true,"href":"https:\/\/mundodocarnaval.com.br\/pt_br\/wp-json\/wp\/v2\/users\/1"}],"replies":[{"embeddable":true,"href":"https:\/\/mundodocarnaval.com.br\/pt_br\/wp-json\/wp\/v2\/comments?post=4022"}],"version-history":[{"count":1,"href":"https:\/\/mundodocarnaval.com.br\/pt_br\/wp-json\/wp\/v2\/posts\/4022\/revisions"}],"predecessor-version":[{"id":4024,"href":"https:\/\/mundodocarnaval.com.br\/pt_br\/wp-json\/wp\/v2\/posts\/4022\/revisions\/4024"}],"wp:featuredmedia":[{"embeddable":true,"href":"https:\/\/mundodocarnaval.com.br\/pt_br\/wp-json\/wp\/v2\/media\/4023"}],"wp:attachment":[{"href":"https:\/\/mundodocarnaval.com.br\/pt_br\/wp-json\/wp\/v2\/media?parent=4022"}],"wp:term":[{"taxonomy":"category","embeddable":true,"href":"https:\/\/mundodocarnaval.com.br\/pt_br\/wp-json\/wp\/v2\/categories?post=4022"},{"taxonomy":"post_tag","embeddable":true,"href":"https:\/\/mundodocarnaval.com.br\/pt_br\/wp-json\/wp\/v2\/tags?post=4022"}],"curies":[{"name":"wp","href":"https:\/\/api.w.org\/{rel}","templated":true}]}}