{"id":4026,"date":"2025-11-24T16:37:56","date_gmt":"2025-11-24T19:37:56","guid":{"rendered":"https:\/\/mundodocarnaval.com.br\/?p=4026"},"modified":"2025-11-24T16:37:56","modified_gmt":"2025-11-24T19:37:56","slug":"renny-delmondes-estreia-como-muso","status":"publish","type":"post","link":"https:\/\/mundodocarnaval.com.br\/pt_br\/renny-delmondes-estreia-como-muso\/","title":{"rendered":"Renny Delmondes estreia como muso"},"content":{"rendered":"<p>Renny Delmondes estreia como muso da Unidos de Bangu em noite de samba<\/p>\n<p>Retornando ao carnaval carioca, Renny Delmondes fez a sua estreia como muso da Unidos de Bangu na noite deste s\u00e1bado, 22. O sambista participou da festa de anivers\u00e1rio da agremia\u00e7\u00e3o, que contou com a coroa\u00e7\u00e3o da nova rainha de bateria Camila Prins.<\/p>\n<p>Nome j\u00e1 conhecido no carnaval carioca, Renny desfilar\u00e1 pela primeira vez na vermelha e branca da Zona Oeste no carnaval de 2026. Ap\u00f3s um ano fora do Rio, o muso retornar\u00e1 em grande estilo \u00e0 Marqu\u00eas de Sapuca\u00ed.<\/p>\n<p>&#8211; Sou um apaixonado pelo carnaval e n\u00e3o consigo ficar muito tempo longe rsrs. A recep\u00e7\u00e3o e carinho que tive na Unidos de Bangu j\u00e1 mostrou que ser\u00e1 o in\u00edcio de um grande cap\u00edtulo na minha hist\u00f3ria no mundo do samba, ainda mais em um enredo t\u00e3o forte como Leci Brand\u00e3o, mangueirense, assim como eu. &#8211; destacou Renny.<\/p>\n<p>Cumprindo a agenda de compromissos com a escola, Renny j\u00e1 \u00e9 presen\u00e7a confirmada no &#8220;Esquenta da S\u00e9rie Ouro&#8221;, que acontecer\u00e1 no dia 6 de dezembro na Cidade do Samba. A Unidos de Bangu desfile pr\u00f3ximo carnaval com o enredo \u201cAs coisas que mam\u00e3e me ensinou\u201d, sendo a quarta escola a desfilar no s\u00e1bado de carnaval.<\/p>\n<p>Foto: Divulga\u00e7\u00e3o Gardel Assessoria<\/p>\n","protected":false},"excerpt":{"rendered":"<p>Renny Delmondes estreia como muso da Unidos de Bangu em noite de samba Retornando ao carnaval carioca, Renny Delmondes fez a sua estreia como muso da Unidos de Bangu na noite deste s\u00e1bado, 22. O sambista participou da festa de anivers\u00e1rio da agremia\u00e7\u00e3o, que contou com a coroa\u00e7\u00e3o da nova rainha de bateria Camila Prins. [&hellip;]<\/p>\n","protected":false},"author":1,"featured_media":4027,"comment_status":"closed","ping_status":"closed","sticky":false,"template":"","format":"standard","meta":{"footnotes":""},"categories":[11],"tags":[],"class_list":["post-4026","post","type-post","status-publish","format-standard","has-post-thumbnail","hentry","category-noticias"],"_links":{"self":[{"href":"https:\/\/mundodocarnaval.com.br\/pt_br\/wp-json\/wp\/v2\/posts\/4026","targetHints":{"allow":["GET"]}}],"collection":[{"href":"https:\/\/mundodocarnaval.com.br\/pt_br\/wp-json\/wp\/v2\/posts"}],"about":[{"href":"https:\/\/mundodocarnaval.com.br\/pt_br\/wp-json\/wp\/v2\/types\/post"}],"author":[{"embeddable":true,"href":"https:\/\/mundodocarnaval.com.br\/pt_br\/wp-json\/wp\/v2\/users\/1"}],"replies":[{"embeddable":true,"href":"https:\/\/mundodocarnaval.com.br\/pt_br\/wp-json\/wp\/v2\/comments?post=4026"}],"version-history":[{"count":1,"href":"https:\/\/mundodocarnaval.com.br\/pt_br\/wp-json\/wp\/v2\/posts\/4026\/revisions"}],"predecessor-version":[{"id":4028,"href":"https:\/\/mundodocarnaval.com.br\/pt_br\/wp-json\/wp\/v2\/posts\/4026\/revisions\/4028"}],"wp:featuredmedia":[{"embeddable":true,"href":"https:\/\/mundodocarnaval.com.br\/pt_br\/wp-json\/wp\/v2\/media\/4027"}],"wp:attachment":[{"href":"https:\/\/mundodocarnaval.com.br\/pt_br\/wp-json\/wp\/v2\/media?parent=4026"}],"wp:term":[{"taxonomy":"category","embeddable":true,"href":"https:\/\/mundodocarnaval.com.br\/pt_br\/wp-json\/wp\/v2\/categories?post=4026"},{"taxonomy":"post_tag","embeddable":true,"href":"https:\/\/mundodocarnaval.com.br\/pt_br\/wp-json\/wp\/v2\/tags?post=4026"}],"curies":[{"name":"wp","href":"https:\/\/api.w.org\/{rel}","templated":true}]}}