{"id":4029,"date":"2025-11-24T16:45:08","date_gmt":"2025-11-24T19:45:08","guid":{"rendered":"https:\/\/mundodocarnaval.com.br\/?p=4029"},"modified":"2025-11-24T16:45:08","modified_gmt":"2025-11-24T19:45:08","slug":"salgueiro-realiza-audicao-para-novos-passistas","status":"publish","type":"post","link":"https:\/\/mundodocarnaval.com.br\/pt_br\/salgueiro-realiza-audicao-para-novos-passistas\/","title":{"rendered":"Salgueiro realiza audi\u00e7\u00e3o para novos passistas"},"content":{"rendered":"<p>Salgueiro realiza audi\u00e7\u00e3o para novas passistas nesta ter\u00e7a-feira (25)<br \/>\nSele\u00e7\u00e3o busca refor\u00e7ar a ala mais emblem\u00e1tica da Academia do Samba para o Carnaval e apresenta\u00e7\u00f5es ao longo do ano<\/p>\n<p>O GRES Acad\u00eamicos do Salgueiro realizar\u00e1, no dia 25 de novembro, \u00e0s 20h, a audi\u00e7\u00e3o oficial para novos passistas da escola. A sele\u00e7\u00e3o acontece na quadra do Salgueiro, localizada na Rua Silva Teles, 104, e \u00e9 aberta a mulheres a partir de 18 anos.<\/p>\n<p>Mais do que t\u00e9cnica e presen\u00e7a, a escola busca sambistas comprometidos com a rotina intensa da ala, que representa o Salgueiro n\u00e3o apenas na Avenida, mas tamb\u00e9m em shows, eventos e compromissos institucionais durante todo o ano. Para participar, \u00e9 recomendado usar roupas confort\u00e1veis, preferencialmente pretas, e levar t\u00eanis e salto alto. Roupa de pinta \u00e9 opcional, de acordo com a prefer\u00eancia de cada candidata.<\/p>\n<p>\u00c0 frente da seletiva, o diretor de passistas e diretor art\u00edstico da agremia\u00e7\u00e3o, Carlinhos Salgueiro, destaca a grandeza e a responsabilidade de integrar a ala.<br \/>\n\u201cSer passista do Salgueiro \u00e9 carregar no corpo a hist\u00f3ria de uma escola gigante. \u00c9 brilho, entrega e respeito pela comunidade que representamos. Quem pisa ali precisa entender que o compromisso vai muito al\u00e9m do desfile: \u00e9 durante o ano inteiro, nos shows, nos eventos, em cada apresenta\u00e7\u00e3o em que o Salgueiro \u00e9 chamado\u201d.<\/p>\n<p>Carlinhos refor\u00e7a ainda que a audi\u00e7\u00e3o n\u00e3o avalia apenas performance, mas tamb\u00e9m a seriedade em rela\u00e7\u00e3o \u00e0 rotina da escola. \u201cA disponibilidade e o comprometimento com os ensaios s\u00e3o fundamentais. Nossa ala \u00e9 vitrine, \u00e9 cart\u00e3o de visitas. Precisamos de passistas que honrem essa responsabilidade, que estejam presentes e dispostos a viver o Salgueiro todos os dias\u201d.<\/p>\n<p>A audi\u00e7\u00e3o promete receber sambistas de diferentes trajet\u00f3rias, mas com um mesmo objetivo: fazer parte de uma das alas mais tradicionais e respeitadas do carnaval carioca. Para participar, basta comparecer no hor\u00e1rio, preparada para mostrar samba no p\u00e9, atitude e, principalmente, dedica\u00e7\u00e3o.<\/p>\n<p>FOTO: Raphael Vidal \/ GRES Acad\u00eamicos do Salgueiro<\/p>\n","protected":false},"excerpt":{"rendered":"<p>Salgueiro realiza audi\u00e7\u00e3o para novas passistas nesta ter\u00e7a-feira (25) Sele\u00e7\u00e3o busca refor\u00e7ar a ala mais emblem\u00e1tica da Academia do Samba para o Carnaval e apresenta\u00e7\u00f5es ao longo do ano O GRES Acad\u00eamicos do Salgueiro realizar\u00e1, no dia 25 de novembro, \u00e0s 20h, a audi\u00e7\u00e3o oficial para novos passistas da escola. A sele\u00e7\u00e3o acontece na quadra [&hellip;]<\/p>\n","protected":false},"author":1,"featured_media":4030,"comment_status":"closed","ping_status":"closed","sticky":false,"template":"","format":"standard","meta":{"footnotes":""},"categories":[12],"tags":[],"class_list":["post-4029","post","type-post","status-publish","format-standard","has-post-thumbnail","hentry","category-grupo-especial"],"_links":{"self":[{"href":"https:\/\/mundodocarnaval.com.br\/pt_br\/wp-json\/wp\/v2\/posts\/4029","targetHints":{"allow":["GET"]}}],"collection":[{"href":"https:\/\/mundodocarnaval.com.br\/pt_br\/wp-json\/wp\/v2\/posts"}],"about":[{"href":"https:\/\/mundodocarnaval.com.br\/pt_br\/wp-json\/wp\/v2\/types\/post"}],"author":[{"embeddable":true,"href":"https:\/\/mundodocarnaval.com.br\/pt_br\/wp-json\/wp\/v2\/users\/1"}],"replies":[{"embeddable":true,"href":"https:\/\/mundodocarnaval.com.br\/pt_br\/wp-json\/wp\/v2\/comments?post=4029"}],"version-history":[{"count":1,"href":"https:\/\/mundodocarnaval.com.br\/pt_br\/wp-json\/wp\/v2\/posts\/4029\/revisions"}],"predecessor-version":[{"id":4031,"href":"https:\/\/mundodocarnaval.com.br\/pt_br\/wp-json\/wp\/v2\/posts\/4029\/revisions\/4031"}],"wp:featuredmedia":[{"embeddable":true,"href":"https:\/\/mundodocarnaval.com.br\/pt_br\/wp-json\/wp\/v2\/media\/4030"}],"wp:attachment":[{"href":"https:\/\/mundodocarnaval.com.br\/pt_br\/wp-json\/wp\/v2\/media?parent=4029"}],"wp:term":[{"taxonomy":"category","embeddable":true,"href":"https:\/\/mundodocarnaval.com.br\/pt_br\/wp-json\/wp\/v2\/categories?post=4029"},{"taxonomy":"post_tag","embeddable":true,"href":"https:\/\/mundodocarnaval.com.br\/pt_br\/wp-json\/wp\/v2\/tags?post=4029"}],"curies":[{"name":"wp","href":"https:\/\/api.w.org\/{rel}","templated":true}]}}