{"id":4032,"date":"2025-11-24T17:33:45","date_gmt":"2025-11-24T20:33:45","guid":{"rendered":"https:\/\/mundodocarnaval.com.br\/?p=4032"},"modified":"2025-11-24T17:33:45","modified_gmt":"2025-11-24T20:33:45","slug":"cantora-teresa-cristina-marca-presenca-em-ensaio","status":"publish","type":"post","link":"https:\/\/mundodocarnaval.com.br\/pt_br\/cantora-teresa-cristina-marca-presenca-em-ensaio\/","title":{"rendered":"Cantora Teresa Cristina marca presen\u00e7a em ensaio"},"content":{"rendered":"<p>Cantora Teresa Cristina marca presen\u00e7a em ensaio da Acad\u00eamicos de Niter\u00f3i<\/p>\n<p>A cantora Teresa Cristina marcou presen\u00e7a no ensaio de rua da Acad\u00eamicos de Niter\u00f3i, na noite deste domingo, 23. Al\u00e9m de ser uma das compositoras do samba-enredo da agremia\u00e7\u00e3o, que homenagear\u00e1 o Presidente Lula, Teresa tamb\u00e9m participou da grava\u00e7\u00e3o da faixa oficial, j\u00e1 dispon\u00edvel nas plataformas musicais. Al\u00e9m de Teresa, o ensaio tamb\u00e9m contou com a presen\u00e7a dos compositores Paulo C\u00e9sar Feital e Andr\u00e9 Diniz.<\/p>\n<p>Curtindo o domingo de samba, Teresa tamb\u00e9m esquentou a comunidade cantando \u201cVou festejar&#8221;, can\u00e7\u00e3o de Beth Carvalho, levantando a comunidade Niteroense antes do ensaio da escola. Rumo ao desfile de 2026, onde levar\u00e1 para a Marqu\u00eas de Sapuca\u00ed \u201cDo Alto do Mulungu Surge a Esperan\u00e7a: Lula, o Oper\u00e1rio do Brasil\u201d, a Acad\u00eamicos de Niter\u00f3i ensaia todos os domingos, a partir das 17h, no Centro de Niter\u00f3i.<\/p>\n<p>Fotos: Gabriel Belmiro \/ Divulga\u00e7\u00e3o Gardel Assessoria <\/p>\n","protected":false},"excerpt":{"rendered":"<p>Cantora Teresa Cristina marca presen\u00e7a em ensaio da Acad\u00eamicos de Niter\u00f3i A cantora Teresa Cristina marcou presen\u00e7a no ensaio de rua da Acad\u00eamicos de Niter\u00f3i, na noite deste domingo, 23. Al\u00e9m de ser uma das compositoras do samba-enredo da agremia\u00e7\u00e3o, que homenagear\u00e1 o Presidente Lula, Teresa tamb\u00e9m participou da grava\u00e7\u00e3o da faixa oficial, j\u00e1 dispon\u00edvel [&hellip;]<\/p>\n","protected":false},"author":1,"featured_media":4033,"comment_status":"closed","ping_status":"closed","sticky":false,"template":"","format":"standard","meta":{"footnotes":""},"categories":[11],"tags":[],"class_list":["post-4032","post","type-post","status-publish","format-standard","has-post-thumbnail","hentry","category-noticias"],"_links":{"self":[{"href":"https:\/\/mundodocarnaval.com.br\/pt_br\/wp-json\/wp\/v2\/posts\/4032","targetHints":{"allow":["GET"]}}],"collection":[{"href":"https:\/\/mundodocarnaval.com.br\/pt_br\/wp-json\/wp\/v2\/posts"}],"about":[{"href":"https:\/\/mundodocarnaval.com.br\/pt_br\/wp-json\/wp\/v2\/types\/post"}],"author":[{"embeddable":true,"href":"https:\/\/mundodocarnaval.com.br\/pt_br\/wp-json\/wp\/v2\/users\/1"}],"replies":[{"embeddable":true,"href":"https:\/\/mundodocarnaval.com.br\/pt_br\/wp-json\/wp\/v2\/comments?post=4032"}],"version-history":[{"count":1,"href":"https:\/\/mundodocarnaval.com.br\/pt_br\/wp-json\/wp\/v2\/posts\/4032\/revisions"}],"predecessor-version":[{"id":4034,"href":"https:\/\/mundodocarnaval.com.br\/pt_br\/wp-json\/wp\/v2\/posts\/4032\/revisions\/4034"}],"wp:featuredmedia":[{"embeddable":true,"href":"https:\/\/mundodocarnaval.com.br\/pt_br\/wp-json\/wp\/v2\/media\/4033"}],"wp:attachment":[{"href":"https:\/\/mundodocarnaval.com.br\/pt_br\/wp-json\/wp\/v2\/media?parent=4032"}],"wp:term":[{"taxonomy":"category","embeddable":true,"href":"https:\/\/mundodocarnaval.com.br\/pt_br\/wp-json\/wp\/v2\/categories?post=4032"},{"taxonomy":"post_tag","embeddable":true,"href":"https:\/\/mundodocarnaval.com.br\/pt_br\/wp-json\/wp\/v2\/tags?post=4032"}],"curies":[{"name":"wp","href":"https:\/\/api.w.org\/{rel}","templated":true}]}}