{"id":4035,"date":"2025-11-24T17:42:25","date_gmt":"2025-11-24T20:42:25","guid":{"rendered":"https:\/\/mundodocarnaval.com.br\/?p=4035"},"modified":"2025-11-24T17:42:25","modified_gmt":"2025-11-24T20:42:25","slug":"ensaios-da-uniao-de-marica-passam-para-terca-feira","status":"publish","type":"post","link":"https:\/\/mundodocarnaval.com.br\/pt_br\/ensaios-da-uniao-de-marica-passam-para-terca-feira\/","title":{"rendered":"Ensaios da Uni\u00e3o de Maric\u00e1 passam para ter\u00e7a-feira"},"content":{"rendered":"<p>Ensaios da Uni\u00e3o de Maric\u00e1 passam para ter\u00e7a-feira at\u00e9 o fim de dezembro<br \/>\nEscola volta \u00e0s ruas do Centro j\u00e1 amanh\u00e3 (25); mudan\u00e7a acontece por conta dos festejos do Natal<\/p>\n<p>A Uni\u00e3o de Maric\u00e1 segue firme na prepara\u00e7\u00e3o para o Carnaval 2026. A escola retorna \u00e0 Passarela do Samba Ad\u00e9lia Breve, no Centro da cidade, para mais um ensaio de rua. At\u00e9 o final de dezembro, os treinos ser\u00e3o realizados em um novo dia: ter\u00e7a-feira, come\u00e7ando amanh\u00e3 (25), sempre \u00e0s 20h.<\/p>\n<p>A mudan\u00e7a tempor\u00e1ria ocorre por conta dos festejos natalinos iniciados no \u00faltimo fim de semana em Maric\u00e1. Com isso, a escola optou por ajustar o calend\u00e1rio de ensaios, que voltar\u00e3o a acontecer \u00e0s sextas-feiras a partir de 9 de janeiro, seguindo at\u00e9 fevereiro.<\/p>\n<p>Confira o calend\u00e1rio atualizado de ensaios de rua:<\/p>\n<p>Novembro<br \/>\n25\/11 \u2013 ensaio de rua (ter\u00e7a-feira)<\/p>\n<p>Dezembro<br \/>\n02\/12 \u2013 ensaio de rua (ter\u00e7a-feira)<br \/>\n09\/12 \u2013 ensaio de rua (ter\u00e7a-feira)<br \/>\n16\/12 \u2013 ensaio de rua (ter\u00e7a-feira)<\/p>\n<p>Janeiro<br \/>\n09\/01 \u2013 ensaio de rua (sexta-feira)<br \/>\n16\/01 \u2013 ensaio de rua (sexta-feira)<br \/>\n30\/01 \u2013 ensaio de rua (sexta-feira)<\/p>\n<p>Fevereiro<br \/>\n06\/02 \u2013 ensaio de rua (sexta-feira)<\/p>\n<p>Em 2026, a Uni\u00e3o de Maric\u00e1 ser\u00e1 a sexta escola a desfilar no s\u00e1bado, 14 de fevereiro, pela S\u00e9rie Ouro, na Marqu\u00eas de Sapuca\u00ed. A agremia\u00e7\u00e3o apresentar\u00e1 o enredo \u201cBerenguend\u00e9ns e Balangand\u00e3ns\u201d, desenvolvido pelo carnavalesco Leandro Vieira.<\/p>\n<p>Fotos: Ney Junior\/Uni\u00e3o de Maric\u00e1<\/p>\n","protected":false},"excerpt":{"rendered":"<p>Ensaios da Uni\u00e3o de Maric\u00e1 passam para ter\u00e7a-feira at\u00e9 o fim de dezembro Escola volta \u00e0s ruas do Centro j\u00e1 amanh\u00e3 (25); mudan\u00e7a acontece por conta dos festejos do Natal A Uni\u00e3o de Maric\u00e1 segue firme na prepara\u00e7\u00e3o para o Carnaval 2026. A escola retorna \u00e0 Passarela do Samba Ad\u00e9lia Breve, no Centro da cidade, [&hellip;]<\/p>\n","protected":false},"author":1,"featured_media":4036,"comment_status":"closed","ping_status":"closed","sticky":false,"template":"","format":"standard","meta":{"footnotes":""},"categories":[13],"tags":[],"class_list":["post-4035","post","type-post","status-publish","format-standard","has-post-thumbnail","hentry","category-fashion"],"_links":{"self":[{"href":"https:\/\/mundodocarnaval.com.br\/pt_br\/wp-json\/wp\/v2\/posts\/4035","targetHints":{"allow":["GET"]}}],"collection":[{"href":"https:\/\/mundodocarnaval.com.br\/pt_br\/wp-json\/wp\/v2\/posts"}],"about":[{"href":"https:\/\/mundodocarnaval.com.br\/pt_br\/wp-json\/wp\/v2\/types\/post"}],"author":[{"embeddable":true,"href":"https:\/\/mundodocarnaval.com.br\/pt_br\/wp-json\/wp\/v2\/users\/1"}],"replies":[{"embeddable":true,"href":"https:\/\/mundodocarnaval.com.br\/pt_br\/wp-json\/wp\/v2\/comments?post=4035"}],"version-history":[{"count":1,"href":"https:\/\/mundodocarnaval.com.br\/pt_br\/wp-json\/wp\/v2\/posts\/4035\/revisions"}],"predecessor-version":[{"id":4037,"href":"https:\/\/mundodocarnaval.com.br\/pt_br\/wp-json\/wp\/v2\/posts\/4035\/revisions\/4037"}],"wp:featuredmedia":[{"embeddable":true,"href":"https:\/\/mundodocarnaval.com.br\/pt_br\/wp-json\/wp\/v2\/media\/4036"}],"wp:attachment":[{"href":"https:\/\/mundodocarnaval.com.br\/pt_br\/wp-json\/wp\/v2\/media?parent=4035"}],"wp:term":[{"taxonomy":"category","embeddable":true,"href":"https:\/\/mundodocarnaval.com.br\/pt_br\/wp-json\/wp\/v2\/categories?post=4035"},{"taxonomy":"post_tag","embeddable":true,"href":"https:\/\/mundodocarnaval.com.br\/pt_br\/wp-json\/wp\/v2\/tags?post=4035"}],"curies":[{"name":"wp","href":"https:\/\/api.w.org\/{rel}","templated":true}]}}