{"id":4041,"date":"2025-11-24T17:53:17","date_gmt":"2025-11-24T20:53:17","guid":{"rendered":"https:\/\/mundodocarnaval.com.br\/?p=4041"},"modified":"2025-11-24T17:53:17","modified_gmt":"2025-11-24T20:53:17","slug":"porta-bandeiras-veronica-lima-e-selminha-sorriso-recebem-certificado","status":"publish","type":"post","link":"https:\/\/mundodocarnaval.com.br\/pt_br\/porta-bandeiras-veronica-lima-e-selminha-sorriso-recebem-certificado\/","title":{"rendered":"Porta-bandeiras Ver\u00f4nica Lima e Selminha Sorriso recebem certificado"},"content":{"rendered":"<p>Porta-bandeiras Ver\u00f4nica Lima e Selminha Sorriso recebem certificado de Guardi\u00e3s da Cultura Negra da Baixada<\/p>\n<p>Reconhecimento ocorreu durante a Feira Preta, em Duque de Caxias, e celebrou refer\u00eancias da arte, da espiritualidade e da resist\u00eancia negra na regi\u00e3o<\/p>\n<p>A \u00faltima sexta-feira (21) foi marcante para duas importantes porta-bandeiras do carnaval carioca. Durante a Feira Preta, realizada na Pra\u00e7a do Pacificador, em Duque de Caxias, Ver\u00f4nica Lima e Selminha Sorriso receberam o certificado de Guardi\u00e3s da Cultura Negra da Baixada Fluminense. A homenagem foi entregue no Teatro Raul Cortez e integrou a programa\u00e7\u00e3o do m\u00eas da Consci\u00eancia Negra.<\/p>\n<p>Indicada pelo seu trabalho \u00e0 frente da Cia de Dan\u00e7a Latop\u00e1, organiza\u00e7\u00e3o social que realiza o ensino da dan\u00e7a de casal de mestre-sala e porta-bandeira e de outras express\u00f5es populares na regi\u00e3o, Ver\u00f4nica comemorou a honraria:<\/p>\n<p>\u201cReceber este reconhecimento me enche de orgulho. \u00c9 a confirma\u00e7\u00e3o de que a nossa arte transforma vidas e mant\u00e9m viva a tradi\u00e7\u00e3o do nosso povo. Estive cercada de grandes refer\u00eancias da cultura preta da Baixada, l\u00edderes espirituais e pessoas que dedicam suas trajet\u00f3rias \u00e0 valoriza\u00e7\u00e3o da nossa ancestralidade. Dividir essa homenagem com a Selminha, uma amiga que realiza um trabalho social t\u00e3o bonito pela Beija-Flor, tornou este momento ainda mais especial\u201d, disse Ver\u00f4nica.<\/p>\n<p>A cerim\u00f4nia destacou nomes fundamentais para a cultura, a mem\u00f3ria e a espiritualidade da regi\u00e3o. Entre os homenageados estiveram figuras como M\u00e3e Andr\u00e9ia, Pai Jo\u00e3o, M\u00e1rio Alves, Natalina, Yedo, Mariza, Pai Carlos, Iy\u00e1 Janaina, Bab\u00e1 Rinaldo, Karol Ferreira, Wallace, J\u00e9ssica Volp e D\u00e9boira, al\u00e9m de outros agentes culturais que fortalecem a identidade negra na Baixada.<\/p>\n<p>O evento teve realiza\u00e7\u00e3o da Feira Preta, com apoio da Prefeitura de Duque de Caxias e institui\u00e7\u00f5es voltadas \u00e0 promo\u00e7\u00e3o da cidadania, diversidade e direitos humanos.<\/p>\n","protected":false},"excerpt":{"rendered":"<p>Porta-bandeiras Ver\u00f4nica Lima e Selminha Sorriso recebem certificado de Guardi\u00e3s da Cultura Negra da Baixada Reconhecimento ocorreu durante a Feira Preta, em Duque de Caxias, e celebrou refer\u00eancias da arte, da espiritualidade e da resist\u00eancia negra na regi\u00e3o A \u00faltima sexta-feira (21) foi marcante para duas importantes porta-bandeiras do carnaval carioca. Durante a Feira Preta, [&hellip;]<\/p>\n","protected":false},"author":1,"featured_media":4042,"comment_status":"closed","ping_status":"closed","sticky":false,"template":"","format":"standard","meta":{"footnotes":""},"categories":[11],"tags":[],"class_list":["post-4041","post","type-post","status-publish","format-standard","has-post-thumbnail","hentry","category-noticias"],"_links":{"self":[{"href":"https:\/\/mundodocarnaval.com.br\/pt_br\/wp-json\/wp\/v2\/posts\/4041","targetHints":{"allow":["GET"]}}],"collection":[{"href":"https:\/\/mundodocarnaval.com.br\/pt_br\/wp-json\/wp\/v2\/posts"}],"about":[{"href":"https:\/\/mundodocarnaval.com.br\/pt_br\/wp-json\/wp\/v2\/types\/post"}],"author":[{"embeddable":true,"href":"https:\/\/mundodocarnaval.com.br\/pt_br\/wp-json\/wp\/v2\/users\/1"}],"replies":[{"embeddable":true,"href":"https:\/\/mundodocarnaval.com.br\/pt_br\/wp-json\/wp\/v2\/comments?post=4041"}],"version-history":[{"count":1,"href":"https:\/\/mundodocarnaval.com.br\/pt_br\/wp-json\/wp\/v2\/posts\/4041\/revisions"}],"predecessor-version":[{"id":4043,"href":"https:\/\/mundodocarnaval.com.br\/pt_br\/wp-json\/wp\/v2\/posts\/4041\/revisions\/4043"}],"wp:featuredmedia":[{"embeddable":true,"href":"https:\/\/mundodocarnaval.com.br\/pt_br\/wp-json\/wp\/v2\/media\/4042"}],"wp:attachment":[{"href":"https:\/\/mundodocarnaval.com.br\/pt_br\/wp-json\/wp\/v2\/media?parent=4041"}],"wp:term":[{"taxonomy":"category","embeddable":true,"href":"https:\/\/mundodocarnaval.com.br\/pt_br\/wp-json\/wp\/v2\/categories?post=4041"},{"taxonomy":"post_tag","embeddable":true,"href":"https:\/\/mundodocarnaval.com.br\/pt_br\/wp-json\/wp\/v2\/tags?post=4041"}],"curies":[{"name":"wp","href":"https:\/\/api.w.org\/{rel}","templated":true}]}}