{"id":4044,"date":"2025-11-27T11:21:32","date_gmt":"2025-11-27T14:21:32","guid":{"rendered":"https:\/\/mundodocarnaval.com.br\/?p=4044"},"modified":"2025-11-27T11:21:32","modified_gmt":"2025-11-27T14:21:32","slug":"vendas-de-frisas-para-a-serie-ouro-2026-comecam-nesta-quinta-feira-27","status":"publish","type":"post","link":"https:\/\/mundodocarnaval.com.br\/pt_br\/vendas-de-frisas-para-a-serie-ouro-2026-comecam-nesta-quinta-feira-27\/","title":{"rendered":"Vendas de frisas para a S\u00e9rie Ouro 2026 come\u00e7am nesta quinta-feira (27)"},"content":{"rendered":"<p>Vendas de frisas para a S\u00e9rie Ouro 2026 come\u00e7am nesta quinta-feira (27)<br \/>\nIngressos estar\u00e3o dispon\u00edveis \u00e0s 9h, com comercializa\u00e7\u00e3o exclusiva pela Ticketmaster<\/p>\n<p>A Liga RJ inicia nesta quinta-feira (27) a venda das frisas para os desfiles da S\u00e9rie Ouro 2026, que acontecer\u00e3o nos dias 13 e 14 de fevereiro. A comercializa\u00e7\u00e3o ser\u00e1 realizada exclusivamente pela plataforma Ticketmaster, que concentrar\u00e1 toda a opera\u00e7\u00e3o de compra.<\/p>\n<p>As frisas estar\u00e3o dispon\u00edveis para os setores 2 ao 11 e ter\u00e3o valores que variam de R$ 1.400, nas filas B, C e D, at\u00e9 R$ 1.900 na fila A. Cada box comporta at\u00e9 seis pessoas, oferecendo ao p\u00fablico uma vis\u00e3o privilegiada da pista de desfile. O pagamento dever\u00e1 ser por Pix, diretamente no site. S\u00f3 ser\u00e1 permitida a compra de uma frisa por dia por CPF.<\/p>\n<p>Os clientes poder\u00e3o escolher o dia de desfile, o setor e a fila desejados no momento da compra. O n\u00famero da frisa, por\u00e9m, ser\u00e1 definido automaticamente pelo sistema, respeitando a ordem de aquisi\u00e7\u00e3o registrada pela plataforma.<\/p>\n<p>Fotos: Liga RJ\/S1 Comunica\u00e7\u00e3o<\/p>\n","protected":false},"excerpt":{"rendered":"<p>Vendas de frisas para a S\u00e9rie Ouro 2026 come\u00e7am nesta quinta-feira (27) Ingressos estar\u00e3o dispon\u00edveis \u00e0s 9h, com comercializa\u00e7\u00e3o exclusiva pela Ticketmaster A Liga RJ inicia nesta quinta-feira (27) a venda das frisas para os desfiles da S\u00e9rie Ouro 2026, que acontecer\u00e3o nos dias 13 e 14 de fevereiro. A comercializa\u00e7\u00e3o ser\u00e1 realizada exclusivamente pela [&hellip;]<\/p>\n","protected":false},"author":1,"featured_media":4045,"comment_status":"closed","ping_status":"closed","sticky":false,"template":"","format":"standard","meta":{"footnotes":""},"categories":[13],"tags":[],"class_list":["post-4044","post","type-post","status-publish","format-standard","has-post-thumbnail","hentry","category-fashion"],"_links":{"self":[{"href":"https:\/\/mundodocarnaval.com.br\/pt_br\/wp-json\/wp\/v2\/posts\/4044","targetHints":{"allow":["GET"]}}],"collection":[{"href":"https:\/\/mundodocarnaval.com.br\/pt_br\/wp-json\/wp\/v2\/posts"}],"about":[{"href":"https:\/\/mundodocarnaval.com.br\/pt_br\/wp-json\/wp\/v2\/types\/post"}],"author":[{"embeddable":true,"href":"https:\/\/mundodocarnaval.com.br\/pt_br\/wp-json\/wp\/v2\/users\/1"}],"replies":[{"embeddable":true,"href":"https:\/\/mundodocarnaval.com.br\/pt_br\/wp-json\/wp\/v2\/comments?post=4044"}],"version-history":[{"count":1,"href":"https:\/\/mundodocarnaval.com.br\/pt_br\/wp-json\/wp\/v2\/posts\/4044\/revisions"}],"predecessor-version":[{"id":4046,"href":"https:\/\/mundodocarnaval.com.br\/pt_br\/wp-json\/wp\/v2\/posts\/4044\/revisions\/4046"}],"wp:featuredmedia":[{"embeddable":true,"href":"https:\/\/mundodocarnaval.com.br\/pt_br\/wp-json\/wp\/v2\/media\/4045"}],"wp:attachment":[{"href":"https:\/\/mundodocarnaval.com.br\/pt_br\/wp-json\/wp\/v2\/media?parent=4044"}],"wp:term":[{"taxonomy":"category","embeddable":true,"href":"https:\/\/mundodocarnaval.com.br\/pt_br\/wp-json\/wp\/v2\/categories?post=4044"},{"taxonomy":"post_tag","embeddable":true,"href":"https:\/\/mundodocarnaval.com.br\/pt_br\/wp-json\/wp\/v2\/tags?post=4044"}],"curies":[{"name":"wp","href":"https:\/\/api.w.org\/{rel}","templated":true}]}}