{"id":4047,"date":"2025-11-27T11:25:33","date_gmt":"2025-11-27T14:25:33","guid":{"rendered":"https:\/\/mundodocarnaval.com.br\/?p=4047"},"modified":"2025-11-27T11:28:13","modified_gmt":"2025-11-27T14:28:13","slug":"vanessa-rangeli-recebe-desenho-da-fantasia","status":"publish","type":"post","link":"https:\/\/mundodocarnaval.com.br\/pt_br\/vanessa-rangeli-recebe-desenho-da-fantasia\/","title":{"rendered":"Vanessa Rangeli recebe desenho da fantasia"},"content":{"rendered":"<p>Vanessa Rangeli recebe desenho da fantasia para estreia como rainha de bateria <\/p>\n<p>Para estrear em grande estilo no Grupo Especial do Carnaval Carioca, Vanessa Rangeli conheceu o figurino que usar\u00e1 \u00e0 frente dos ritmistas da \u201cCad\u00eancia de Niter\u00f3i\u201d em 2026. A rainha de bateria da Acad\u00eamicos de Niter\u00f3i recebeu diretamente das m\u00e3os do carnavalesco Tiago Martins o croqui da sua fantasia.<\/p>\n<p>&#8211; J\u00e1 estava ansiosa demais para esse momento, mas valeu muito a pena esperar. Fiquei encantada com o figurino e achei ele ousado, mas com uma pegada de eleg\u00e2ncia. Com certeza ter\u00e1 um grande impacto na avenida e quero estar \u00e0 altura da minha bateria e de todo o carnaval da escola \u2013 revelou Vanessa.<\/p>\n<p>A agremia\u00e7\u00e3o, que far\u00e1 uma homenagem ao Presidente da Rep\u00fablica Luiz In\u00e1cio Lula da Silva, abrir\u00e1 os desfiles do Grupo Especial no carnaval carioca de 2026 com o enredo \u201cDo alto do mulungu surge a esperan\u00e7a: Lula, o oper\u00e1rio do Brasil\u201d<\/p>\n<p>Fotos: S1 Fotografia \/ Divulga\u00e7\u00e3o Gardel Assessoria <\/p>\n","protected":false},"excerpt":{"rendered":"<p>Vanessa Rangeli recebe desenho da fantasia para estreia como rainha de bateria Para estrear em grande estilo no Grupo Especial do Carnaval Carioca, Vanessa Rangeli conheceu o figurino que usar\u00e1 \u00e0 frente dos ritmistas da \u201cCad\u00eancia de Niter\u00f3i\u201d em 2026. A rainha de bateria da Acad\u00eamicos de Niter\u00f3i recebeu diretamente das m\u00e3os do carnavalesco Tiago [&hellip;]<\/p>\n","protected":false},"author":1,"featured_media":4051,"comment_status":"closed","ping_status":"closed","sticky":false,"template":"","format":"standard","meta":{"footnotes":""},"categories":[11],"tags":[],"class_list":["post-4047","post","type-post","status-publish","format-standard","has-post-thumbnail","hentry","category-noticias"],"_links":{"self":[{"href":"https:\/\/mundodocarnaval.com.br\/pt_br\/wp-json\/wp\/v2\/posts\/4047","targetHints":{"allow":["GET"]}}],"collection":[{"href":"https:\/\/mundodocarnaval.com.br\/pt_br\/wp-json\/wp\/v2\/posts"}],"about":[{"href":"https:\/\/mundodocarnaval.com.br\/pt_br\/wp-json\/wp\/v2\/types\/post"}],"author":[{"embeddable":true,"href":"https:\/\/mundodocarnaval.com.br\/pt_br\/wp-json\/wp\/v2\/users\/1"}],"replies":[{"embeddable":true,"href":"https:\/\/mundodocarnaval.com.br\/pt_br\/wp-json\/wp\/v2\/comments?post=4047"}],"version-history":[{"count":1,"href":"https:\/\/mundodocarnaval.com.br\/pt_br\/wp-json\/wp\/v2\/posts\/4047\/revisions"}],"predecessor-version":[{"id":4049,"href":"https:\/\/mundodocarnaval.com.br\/pt_br\/wp-json\/wp\/v2\/posts\/4047\/revisions\/4049"}],"wp:featuredmedia":[{"embeddable":true,"href":"https:\/\/mundodocarnaval.com.br\/pt_br\/wp-json\/wp\/v2\/media\/4051"}],"wp:attachment":[{"href":"https:\/\/mundodocarnaval.com.br\/pt_br\/wp-json\/wp\/v2\/media?parent=4047"}],"wp:term":[{"taxonomy":"category","embeddable":true,"href":"https:\/\/mundodocarnaval.com.br\/pt_br\/wp-json\/wp\/v2\/categories?post=4047"},{"taxonomy":"post_tag","embeddable":true,"href":"https:\/\/mundodocarnaval.com.br\/pt_br\/wp-json\/wp\/v2\/tags?post=4047"}],"curies":[{"name":"wp","href":"https:\/\/api.w.org\/{rel}","templated":true}]}}