{"id":4052,"date":"2025-11-27T11:33:20","date_gmt":"2025-11-27T14:33:20","guid":{"rendered":"https:\/\/mundodocarnaval.com.br\/?p=4052"},"modified":"2025-11-27T11:33:20","modified_gmt":"2025-11-27T14:33:20","slug":"documentario-xicas-travestis-na-avenida-sobre-desfile-do-tuiuti","status":"publish","type":"post","link":"https:\/\/mundodocarnaval.com.br\/pt_br\/documentario-xicas-travestis-na-avenida-sobre-desfile-do-tuiuti\/","title":{"rendered":"Document\u00e1rio &#8216;Xicas: Travestis na Avenida&#8217; sobre desfile do Tuiuti"},"content":{"rendered":"<p>Document\u00e1rio &#8216;Xicas: Travestis na Avenida&#8217; sobre desfile do Tuiuti ser\u00e1 exibido nesta sexta-feira (28)<br \/>\nSess\u00e3o especial ocorrer\u00e1 no MAC, de Niteroi<\/p>\n<p>O document\u00e1rio \u201cXicas: Travestis na Avenida\u201d chega a Niter\u00f3i em exibi\u00e7\u00e3o especial nesta sexta-feira, dia 28 de novembro, e marca um momento hist\u00f3rico para a mem\u00f3ria travesti no Brasil. A obra, dirigida por Asaph Luccas com co-roteiro de Hela Santana, recupera trajet\u00f3rias que atravessam s\u00e9culos, desde Xica Manicongo, primeira travesti registrada na hist\u00f3ria do pa\u00eds, at\u00e9 a explos\u00e3o pol\u00edtica e est\u00e9tica do desfile do Para\u00edso do Tuiuti, na Sapuca\u00ed, em 2025. O filme reafirma que a arte travesti \u00e9 for\u00e7a coletiva, \u00e9 heran\u00e7a viva e \u00e9 movimento que nunca deixou de existir, mesmo quando o pa\u00eds tentou apag\u00e1-la.<\/p>\n<p>Mais que um registro, \u201cXicas: Travestis na Avenida\u201d \u00e9 um convite ao reconhecimento de um Brasil que insiste em nascer das margens e empurrar o centro para se reinventar. Ao costurar afetos, mem\u00f3rias e disputas, o document\u00e1rio evidencia que a luta travesti \u00e9 insepar\u00e1vel da hist\u00f3ria nacional e que o futuro s\u00f3 \u00e9 poss\u00edvel quando suas vozes s\u00e3o ouvidas. A cada relato, a obra convoca o p\u00fablico a encarar a urg\u00eancia de outras narrativas, j\u00e1 que o presente se transforma quando a dignidade de quem sempre resistiu finalmente ganha espa\u00e7o de honra.<\/p>\n<p>A exibi\u00e7\u00e3o exclusiva acontece, \u00e0s 19h, no Audit\u00f3rio do Museu de Arte Contempor\u00e2nea de Niter\u00f3i, com entrada gratuita. A atividade integra a programa\u00e7\u00e3o da 19\u00aa Parada do Orgulho LGBTQIA+ de Niter\u00f3i e refor\u00e7a o compromisso da cidade com a celebra\u00e7\u00e3o da diversidade e com a visibilidade das travestis e pessoas trans. \u00c9 uma oportunidade para vivenciar uma revolu\u00e7\u00e3o que pulsa na avenida, nas telas e nas vidas que constroem este pa\u00eds.<\/p>\n<p>Servi\u00e7o:<br \/>\nExibi\u00e7\u00e3o: &#8220;Xicas: Travestis na Avenida&#8221;<br \/>\nData: 28 de novembro<br \/>\nHor\u00e1rio: 19h<br \/>\nLocal: MAC &#8211; Auditoria do Museu de Arte Contempor\u00e2nea de Niter\u00f3i, mirante de boa viagem, Niter\u00f3i.<br \/>\nEntrada Gratuita<\/p>\n","protected":false},"excerpt":{"rendered":"<p>Document\u00e1rio &#8216;Xicas: Travestis na Avenida&#8217; sobre desfile do Tuiuti ser\u00e1 exibido nesta sexta-feira (28) Sess\u00e3o especial ocorrer\u00e1 no MAC, de Niteroi O document\u00e1rio \u201cXicas: Travestis na Avenida\u201d chega a Niter\u00f3i em exibi\u00e7\u00e3o especial nesta sexta-feira, dia 28 de novembro, e marca um momento hist\u00f3rico para a mem\u00f3ria travesti no Brasil. A obra, dirigida por Asaph [&hellip;]<\/p>\n","protected":false},"author":1,"featured_media":4053,"comment_status":"closed","ping_status":"closed","sticky":false,"template":"","format":"standard","meta":{"footnotes":""},"categories":[12],"tags":[],"class_list":["post-4052","post","type-post","status-publish","format-standard","has-post-thumbnail","hentry","category-grupo-especial"],"_links":{"self":[{"href":"https:\/\/mundodocarnaval.com.br\/pt_br\/wp-json\/wp\/v2\/posts\/4052","targetHints":{"allow":["GET"]}}],"collection":[{"href":"https:\/\/mundodocarnaval.com.br\/pt_br\/wp-json\/wp\/v2\/posts"}],"about":[{"href":"https:\/\/mundodocarnaval.com.br\/pt_br\/wp-json\/wp\/v2\/types\/post"}],"author":[{"embeddable":true,"href":"https:\/\/mundodocarnaval.com.br\/pt_br\/wp-json\/wp\/v2\/users\/1"}],"replies":[{"embeddable":true,"href":"https:\/\/mundodocarnaval.com.br\/pt_br\/wp-json\/wp\/v2\/comments?post=4052"}],"version-history":[{"count":1,"href":"https:\/\/mundodocarnaval.com.br\/pt_br\/wp-json\/wp\/v2\/posts\/4052\/revisions"}],"predecessor-version":[{"id":4054,"href":"https:\/\/mundodocarnaval.com.br\/pt_br\/wp-json\/wp\/v2\/posts\/4052\/revisions\/4054"}],"wp:featuredmedia":[{"embeddable":true,"href":"https:\/\/mundodocarnaval.com.br\/pt_br\/wp-json\/wp\/v2\/media\/4053"}],"wp:attachment":[{"href":"https:\/\/mundodocarnaval.com.br\/pt_br\/wp-json\/wp\/v2\/media?parent=4052"}],"wp:term":[{"taxonomy":"category","embeddable":true,"href":"https:\/\/mundodocarnaval.com.br\/pt_br\/wp-json\/wp\/v2\/categories?post=4052"},{"taxonomy":"post_tag","embeddable":true,"href":"https:\/\/mundodocarnaval.com.br\/pt_br\/wp-json\/wp\/v2\/tags?post=4052"}],"curies":[{"name":"wp","href":"https:\/\/api.w.org\/{rel}","templated":true}]}}