{"id":4058,"date":"2025-11-29T14:46:50","date_gmt":"2025-11-29T17:46:50","guid":{"rendered":"https:\/\/mundodocarnaval.com.br\/?p=4058"},"modified":"2025-11-29T14:46:50","modified_gmt":"2025-11-29T17:46:50","slug":"martnalia-faz-primeira-prova-de-fantasia","status":"publish","type":"post","link":"https:\/\/mundodocarnaval.com.br\/pt_br\/martnalia-faz-primeira-prova-de-fantasia\/","title":{"rendered":"Mart\u2019n\u00e1lia faz primeira prova de fantasia"},"content":{"rendered":"<p>Mart\u2019n\u00e1lia faz primeira prova de fantasia para o Carnaval 2026 no barrac\u00e3o da Unidos de Vila Isabel<\/p>\n<p>A cantora Mart\u2019n\u00e1lia, filha do presidente de honra da Unidos de Vila Isabel, Martinho da Vila, esteve no barrac\u00e3o da azul e branca nesta quarta-feira (26) para realizar sua primeira prova de fantasia rumo ao Carnaval de 2026.<\/p>\n<p>Recebida com carinho pela equipe do barrac\u00e3o, Mart\u2019n\u00e1lia celebrou o momento e destacou o clima de uni\u00e3o que marca a prepara\u00e7\u00e3o da escola. \u201cEsse ano estaremos, como sempre, unidos. A Vila vem com um samba maravilhoso, carnavalescos incr\u00edveis. O clima \u00e9 de alegria geral. Agora \u00e9 nosso. Ningu\u00e9m tira, pelo amor de Deus. Vem n\u00e3o\u201d, brincou a cantora.<\/p>\n<p>Para 2026, a Unidos de Vila Isabel apresentar\u00e1 na Marqu\u00eas de Sapuca\u00ed o enredo \u201cMacumbemb\u00ea, Samboremb\u00e1: Sonhei que um sambista sonhou a \u00c1frica\u201d, desenvolvido pelos carnavalescos Gabriel Haddad e Leonardo Bora, com pesquisa de Vin\u00edcius Natal. O desfile vai exaltar a ancestralidade africana, os fundamentos do samba e a trajet\u00f3ria de Heitor dos Prazeres, um dos grandes \u00edcones da cultura popular brasileira.<\/p>\n","protected":false},"excerpt":{"rendered":"<p>Mart\u2019n\u00e1lia faz primeira prova de fantasia para o Carnaval 2026 no barrac\u00e3o da Unidos de Vila Isabel A cantora Mart\u2019n\u00e1lia, filha do presidente de honra da Unidos de Vila Isabel, Martinho da Vila, esteve no barrac\u00e3o da azul e branca nesta quarta-feira (26) para realizar sua primeira prova de fantasia rumo ao Carnaval de 2026. [&hellip;]<\/p>\n","protected":false},"author":1,"featured_media":4059,"comment_status":"closed","ping_status":"closed","sticky":false,"template":"","format":"standard","meta":{"footnotes":""},"categories":[11],"tags":[],"class_list":["post-4058","post","type-post","status-publish","format-standard","has-post-thumbnail","hentry","category-noticias"],"_links":{"self":[{"href":"https:\/\/mundodocarnaval.com.br\/pt_br\/wp-json\/wp\/v2\/posts\/4058","targetHints":{"allow":["GET"]}}],"collection":[{"href":"https:\/\/mundodocarnaval.com.br\/pt_br\/wp-json\/wp\/v2\/posts"}],"about":[{"href":"https:\/\/mundodocarnaval.com.br\/pt_br\/wp-json\/wp\/v2\/types\/post"}],"author":[{"embeddable":true,"href":"https:\/\/mundodocarnaval.com.br\/pt_br\/wp-json\/wp\/v2\/users\/1"}],"replies":[{"embeddable":true,"href":"https:\/\/mundodocarnaval.com.br\/pt_br\/wp-json\/wp\/v2\/comments?post=4058"}],"version-history":[{"count":1,"href":"https:\/\/mundodocarnaval.com.br\/pt_br\/wp-json\/wp\/v2\/posts\/4058\/revisions"}],"predecessor-version":[{"id":4060,"href":"https:\/\/mundodocarnaval.com.br\/pt_br\/wp-json\/wp\/v2\/posts\/4058\/revisions\/4060"}],"wp:featuredmedia":[{"embeddable":true,"href":"https:\/\/mundodocarnaval.com.br\/pt_br\/wp-json\/wp\/v2\/media\/4059"}],"wp:attachment":[{"href":"https:\/\/mundodocarnaval.com.br\/pt_br\/wp-json\/wp\/v2\/media?parent=4058"}],"wp:term":[{"taxonomy":"category","embeddable":true,"href":"https:\/\/mundodocarnaval.com.br\/pt_br\/wp-json\/wp\/v2\/categories?post=4058"},{"taxonomy":"post_tag","embeddable":true,"href":"https:\/\/mundodocarnaval.com.br\/pt_br\/wp-json\/wp\/v2\/tags?post=4058"}],"curies":[{"name":"wp","href":"https:\/\/api.w.org\/{rel}","templated":true}]}}