{"id":4063,"date":"2025-11-29T16:36:30","date_gmt":"2025-11-29T19:36:30","guid":{"rendered":"https:\/\/mundodocarnaval.com.br\/?p=4063"},"modified":"2025-11-29T16:36:30","modified_gmt":"2025-11-29T19:36:30","slug":"uniao-de-marica-reune-escolas-de-samba-da-cidade","status":"publish","type":"post","link":"https:\/\/mundodocarnaval.com.br\/pt_br\/uniao-de-marica-reune-escolas-de-samba-da-cidade\/","title":{"rendered":"Uni\u00e3o de Maric\u00e1 re\u00fane escolas de samba da cidade"},"content":{"rendered":"<p>Uni\u00e3o de Maric\u00e1 re\u00fane escolas de samba da cidade para fortalecer la\u00e7os e ampliar o di\u00e1logo carnavalesco<br \/>\nAgremia\u00e7\u00e3o promove encontro in\u00e9dito entre pavilh\u00f5es e abre caminho para novas a\u00e7\u00f5es conjuntas no cen\u00e1rio local<\/p>\n<p>A Uni\u00e3o de Maric\u00e1 recebeu, na \u00faltima semana, representantes das escolas de samba da cidade em sua quadra, no Centro, para um encontro voltado ao fortalecimento das rela\u00e7\u00f5es entre as agremia\u00e7\u00f5es. A iniciativa buscou aproximar as escolas locais da agremia\u00e7\u00e3o que representa o munic\u00edpio na S\u00e9rie Ouro, criando um ambiente permanente de troca, alinhamento e constru\u00e7\u00e3o coletiva para o futuro do samba maricaense.<\/p>\n<p>Durante a reuni\u00e3o, conduzida pelo presidente Matheus Santos, a Uni\u00e3o de Maric\u00e1 reiterou a import\u00e2ncia de um di\u00e1logo cont\u00ednuo entre os pavilh\u00f5es da cidade. A proposta \u00e9 manter um espa\u00e7o aberto para conversas, parcerias e iniciativas que valorizem a cultura carnavalesca local, sempre respeitando a identidade de cada escola e promovendo o esp\u00edrito colaborativo que marca o carnaval.<\/p>\n<p>Matheus destacou que a Uni\u00e3o de Maric\u00e1 entende seu papel como uma ponte entre os sambistas da cidade. Segundo ele, fortalecer essa rede de rela\u00e7\u00f5es \u00e9 fundamental para que o carnaval de Maric\u00e1 siga se desenvolvendo e conquistando novos espa\u00e7os.<\/p>\n<p>\u201cEstamos aqui para somar. Maric\u00e1 tem hist\u00f3ria, tem talento e tem escolas que carregam uma energia \u00fanica. Queremos estar perto, trocar ideias, ouvir e construir juntos. O importante \u00e9 manter o samba pulsando e criar caminhos para que possamos realizar a\u00e7\u00f5es que fortale\u00e7am o nosso carnaval como um todo\u201d, afirmou o presidente.<\/p>\n<p>O encontro representa mais um movimento da Uni\u00e3o de Maric\u00e1 no sentido de ampliar o di\u00e1logo com as agremia\u00e7\u00f5es do munic\u00edpio e refor\u00e7ar a integra\u00e7\u00e3o entre elas. Ao longo dos pr\u00f3ximos meses, a expectativa \u00e9 de que novas iniciativas sejam desenvolvidas coletivamente, sempre com foco na valoriza\u00e7\u00e3o da cultura carnavalesca e no fortalecimento dos la\u00e7os entre as escolas da cidade.<\/p>\n<p>Fotos: Ney Junior\/Uni\u00e3o de Maric\u00e1<\/p>\n","protected":false},"excerpt":{"rendered":"<p>Uni\u00e3o de Maric\u00e1 re\u00fane escolas de samba da cidade para fortalecer la\u00e7os e ampliar o di\u00e1logo carnavalesco Agremia\u00e7\u00e3o promove encontro in\u00e9dito entre pavilh\u00f5es e abre caminho para novas a\u00e7\u00f5es conjuntas no cen\u00e1rio local A Uni\u00e3o de Maric\u00e1 recebeu, na \u00faltima semana, representantes das escolas de samba da cidade em sua quadra, no Centro, para um [&hellip;]<\/p>\n","protected":false},"author":1,"featured_media":4064,"comment_status":"closed","ping_status":"closed","sticky":false,"template":"","format":"standard","meta":{"footnotes":""},"categories":[13],"tags":[],"class_list":["post-4063","post","type-post","status-publish","format-standard","has-post-thumbnail","hentry","category-fashion"],"_links":{"self":[{"href":"https:\/\/mundodocarnaval.com.br\/pt_br\/wp-json\/wp\/v2\/posts\/4063","targetHints":{"allow":["GET"]}}],"collection":[{"href":"https:\/\/mundodocarnaval.com.br\/pt_br\/wp-json\/wp\/v2\/posts"}],"about":[{"href":"https:\/\/mundodocarnaval.com.br\/pt_br\/wp-json\/wp\/v2\/types\/post"}],"author":[{"embeddable":true,"href":"https:\/\/mundodocarnaval.com.br\/pt_br\/wp-json\/wp\/v2\/users\/1"}],"replies":[{"embeddable":true,"href":"https:\/\/mundodocarnaval.com.br\/pt_br\/wp-json\/wp\/v2\/comments?post=4063"}],"version-history":[{"count":1,"href":"https:\/\/mundodocarnaval.com.br\/pt_br\/wp-json\/wp\/v2\/posts\/4063\/revisions"}],"predecessor-version":[{"id":4065,"href":"https:\/\/mundodocarnaval.com.br\/pt_br\/wp-json\/wp\/v2\/posts\/4063\/revisions\/4065"}],"wp:featuredmedia":[{"embeddable":true,"href":"https:\/\/mundodocarnaval.com.br\/pt_br\/wp-json\/wp\/v2\/media\/4064"}],"wp:attachment":[{"href":"https:\/\/mundodocarnaval.com.br\/pt_br\/wp-json\/wp\/v2\/media?parent=4063"}],"wp:term":[{"taxonomy":"category","embeddable":true,"href":"https:\/\/mundodocarnaval.com.br\/pt_br\/wp-json\/wp\/v2\/categories?post=4063"},{"taxonomy":"post_tag","embeddable":true,"href":"https:\/\/mundodocarnaval.com.br\/pt_br\/wp-json\/wp\/v2\/tags?post=4063"}],"curies":[{"name":"wp","href":"https:\/\/api.w.org\/{rel}","templated":true}]}}