{"id":4069,"date":"2025-11-29T16:48:12","date_gmt":"2025-11-29T19:48:12","guid":{"rendered":"https:\/\/mundodocarnaval.com.br\/?p=4069"},"modified":"2025-11-29T16:48:12","modified_gmt":"2025-11-29T19:48:12","slug":"lins-imperial-realiza-primeiro-ensaio-de-rua","status":"publish","type":"post","link":"https:\/\/mundodocarnaval.com.br\/pt_br\/lins-imperial-realiza-primeiro-ensaio-de-rua\/","title":{"rendered":"Lins Imperial realiza primeiro ensaio de rua"},"content":{"rendered":"<p>Lins Imperial realiza primeiro ensaio de rua na pr\u00f3xima segunda-feira<br \/>\nTreino acontece na Ernestina, atr\u00e1s da quadra da escola<\/p>\n<p>Seguindo com os preparativos para o Carnaval 2026, a Lins Imperial realiza seu primeiro ensaio t\u00e9cnico de rua na segunda-feira, 1\u00ba de dezembro, na rua Ernestina, no Lins. O local que j\u00e1 \u00e9 tradicional dos treinos da agremia\u00e7\u00e3o recebe os componentes a partir das 20 horas para a concentra\u00e7\u00e3o. A dire\u00e7\u00e3o de Carnaval convoca todos os segmentos e a comunidade local para participar do ensaio. O treino ser\u00e1 o primeiro desta temporada.<\/p>\n<p>&#8220;Vamos iniciar nossas atividades de rua com for\u00e7a total. Temos que acertar detalhes e para isso contamos com a presen\u00e7a em massa da comunidade e todos os membros&#8221;, afirmou o diretor de carnaval Jorge Ripper.<\/p>\n<p>O ensaio que visa aprimorar ainda mais o canto da comunidade para o desfile de 2026 tem in\u00edcio \u00e0s 21 horas e t\u00e9rmino \u00e0s 22, hor\u00e1rio em que a rua volta a ser liberada para o tr\u00e2nsito.<\/p>\n<p>Almejando ascender \u00e0 S\u00e9rie Ouro, a Lins Imperial, em 2026, ter\u00e1 como enredo \u201cMacacu \u2014 No caminho das \u00e1guas cristalinas, reflete a alma da cria\u00e7\u00e3o\u201d. A narrativa, debru\u00e7ada a partir da \u00edntima rela\u00e7\u00e3o de Macacu com as \u00e1guas, percorre os trajetos desdobrando-se em pr\u00e1ticas locais ligadas \u00e0 \u00e1gua, como aquelas das comunidades tradicionais, festividades populares e religiosas, al\u00e9m das iniciativas de preserva\u00e7\u00e3o ambiental.<\/p>\n<p>A Lins ser\u00e1 a 12\u00aa a desfilar, no domingo de carnaval, 15 de fevereiro de 2026.<\/p>\n<p>Ensaios de Rua da Lins Imperial<\/p>\n<p>Datas: 01, 8 e 15\/12\/2025<br \/>\nHor\u00e1rio: 20h<br \/>\nEndere\u00e7o da Concentra\u00e7\u00e3o: Rua Ernestina (atr\u00e1s da quadra da escola)<\/p>\n<p>Fotos: Rodrigo Barionovo<\/p>\n","protected":false},"excerpt":{"rendered":"<p>Lins Imperial realiza primeiro ensaio de rua na pr\u00f3xima segunda-feira Treino acontece na Ernestina, atr\u00e1s da quadra da escola Seguindo com os preparativos para o Carnaval 2026, a Lins Imperial realiza seu primeiro ensaio t\u00e9cnico de rua na segunda-feira, 1\u00ba de dezembro, na rua Ernestina, no Lins. O local que j\u00e1 \u00e9 tradicional dos treinos [&hellip;]<\/p>\n","protected":false},"author":1,"featured_media":4070,"comment_status":"closed","ping_status":"closed","sticky":false,"template":"","format":"standard","meta":{"footnotes":""},"categories":[14],"tags":[],"class_list":["post-4069","post","type-post","status-publish","format-standard","has-post-thumbnail","hentry","category-gadgets"],"_links":{"self":[{"href":"https:\/\/mundodocarnaval.com.br\/pt_br\/wp-json\/wp\/v2\/posts\/4069","targetHints":{"allow":["GET"]}}],"collection":[{"href":"https:\/\/mundodocarnaval.com.br\/pt_br\/wp-json\/wp\/v2\/posts"}],"about":[{"href":"https:\/\/mundodocarnaval.com.br\/pt_br\/wp-json\/wp\/v2\/types\/post"}],"author":[{"embeddable":true,"href":"https:\/\/mundodocarnaval.com.br\/pt_br\/wp-json\/wp\/v2\/users\/1"}],"replies":[{"embeddable":true,"href":"https:\/\/mundodocarnaval.com.br\/pt_br\/wp-json\/wp\/v2\/comments?post=4069"}],"version-history":[{"count":1,"href":"https:\/\/mundodocarnaval.com.br\/pt_br\/wp-json\/wp\/v2\/posts\/4069\/revisions"}],"predecessor-version":[{"id":4071,"href":"https:\/\/mundodocarnaval.com.br\/pt_br\/wp-json\/wp\/v2\/posts\/4069\/revisions\/4071"}],"wp:featuredmedia":[{"embeddable":true,"href":"https:\/\/mundodocarnaval.com.br\/pt_br\/wp-json\/wp\/v2\/media\/4070"}],"wp:attachment":[{"href":"https:\/\/mundodocarnaval.com.br\/pt_br\/wp-json\/wp\/v2\/media?parent=4069"}],"wp:term":[{"taxonomy":"category","embeddable":true,"href":"https:\/\/mundodocarnaval.com.br\/pt_br\/wp-json\/wp\/v2\/categories?post=4069"},{"taxonomy":"post_tag","embeddable":true,"href":"https:\/\/mundodocarnaval.com.br\/pt_br\/wp-json\/wp\/v2\/tags?post=4069"}],"curies":[{"name":"wp","href":"https:\/\/api.w.org\/{rel}","templated":true}]}}