{"id":4076,"date":"2025-12-02T22:17:33","date_gmt":"2025-12-03T01:17:33","guid":{"rendered":"https:\/\/mundodocarnaval.com.br\/?p=4076"},"modified":"2025-12-02T22:17:33","modified_gmt":"2025-12-03T01:17:33","slug":"cerca-de-32-mil-pessoas-celebram-o-dia-nacional-do-samba","status":"publish","type":"post","link":"https:\/\/mundodocarnaval.com.br\/pt_br\/cerca-de-32-mil-pessoas-celebram-o-dia-nacional-do-samba\/","title":{"rendered":"Cerca de 32 mil pessoas celebram o Dia Nacional do Samba"},"content":{"rendered":"<p>Cerca de 32 mil pessoas celebram o Dia Nacional do Samba com desfiles, shows e primeiro teste oficial do novo som da Sapuca\u00ed<\/p>\n<p>Cidade do Samba reuniu as 12 agremia\u00e7\u00f5es em tr\u00eas dias de festa com p\u00fablico recorde e apresenta\u00e7\u00f5es memor\u00e1veis<\/p>\n<p>O Rio Carnaval comemorou o Dia Nacional do Samba em grande estilo. Em um fim de semana que uniu tradi\u00e7\u00e3o, inova\u00e7\u00e3o e celebra\u00e7\u00e3o, a Cidade do Samba registrou p\u00fablico recorde: 32 mil pessoas passaram pelo local, entre sexta-feira e domingo, para acompanhar os minidesfiles das agremia\u00e7\u00f5es do Grupo Especial e shows de grandes nomes da m\u00fasica brasileira. A entrada foi gratuita, mediante a doa\u00e7\u00e3o de 1 kg de alimento n\u00e3o perec\u00edvel.<\/p>\n<p>Al\u00e9m das atra\u00e7\u00f5es e desfiles, o evento marcou o primeiro teste oficial do novo sistema de som que ser\u00e1 utilizado nos desfiles de 2026 na Marqu\u00eas de Sapuca\u00ed. Com a pista inteiramente sonorizada, como no espet\u00e1culo oficial, o p\u00fablico p\u00f4de vivenciar uma pr\u00e9via da qualidade sonora que ser\u00e1 levada \u00e0 Avenida no pr\u00f3ximo Carnaval.<\/p>\n<p>A sexta-feira abriu a programa\u00e7\u00e3o com a energia contagiante de Mumuzinho, que levantou o p\u00fablico antes da passagem das primeiras escolas. No s\u00e1bado, a festa continuou com apresenta\u00e7\u00f5es das agremia\u00e7\u00f5es e um show carregado de hist\u00f3ria, comandado pelo eterno baluarte Martinho da Vila, emocionando foli\u00f5es e sambistas.<\/p>\n<p>O encerramento do fim de semana foi digno da grandiosidade do samba. No domingo, antes das \u00faltimas quatro escolas, o p\u00fablico assistiu a um show empolgante de Zeca Pagodinho, que lotou a Cidade do Samba e colocou todo mundo para cantar, sambar e celebrar a cultura carioca.<\/p>\n<p>Durante os tr\u00eas dias, cada escola teve cerca de 40 minutos de apresenta\u00e7\u00e3o, trazendo segmentos tradicionais como casal de mestre-sala e porta-bandeira, bateria, baianas, passistas, velha guarda e alas da comunidade.<\/p>\n<p>O grande destaque ficou por conta das comiss\u00f5es de frente, que se apresentaram em grande estilo, com performances coreogr\u00e1ficas e conceituais dignas de um desfile oficial, emocionando o p\u00fablico e antecipando parte da for\u00e7a art\u00edstica que ser\u00e1 vista na Sapuca\u00ed.<\/p>\n<p>Para o presidente da LIESA, Gabriel David, o evento simboliza um momento hist\u00f3rico na prepara\u00e7\u00e3o do pr\u00f3ximo Carnaval:<\/p>\n<p>\u201cEstamos vivendo a maior transi\u00e7\u00e3o t\u00e9cnica da Sapuca\u00ed em d\u00e9cadas. Testar o novo sistema de som na Cidade do Samba foi fundamental para esse processo. Melhoramos muito, mas ainda estamos ajustando, aprendendo e trabalhando lado a lado com as escolas para entregar, em 2026, o melhor Carnaval da nossa hist\u00f3ria. O p\u00fablico que esteve aqui neste fim de semana j\u00e1 sentiu um pouco dessa evolu\u00e7\u00e3o.\u201d<\/p>\n<p>Durante o evento, a Liesa anunciou que nesta ter\u00e7a-feira, 2 de dezembro \u2014 Dia Nacional do Samba \u2014 ser\u00e1 aberta a \u00faltima chamada para a venda de arquibancadas da Sapuca\u00ed com a comercializa\u00e7\u00e3o, pela primeira vez, do Setor 9 ao p\u00fablico geral. Os detalhes ser\u00e3o divulgados ao longo do dia, nas redes sociais da Liesa.<\/p>\n<p>As escolas seguem agora com ensaios de quadra e de rua, al\u00e9m da prepara\u00e7\u00e3o para os ensaios t\u00e9cnicos na Marqu\u00eas de Sapuca\u00ed, que come\u00e7am em janeiro.<\/p>\n<p>O Rio Carnaval 2026 ser\u00e1 realizado nos dias 15, 16 e 17 de fevereiro, com as seis primeiras colocadas retornando para o S\u00e1bado das Campe\u00e3s, no dia 21 de fevereiro.<\/p>\n<p>Cr\u00e9dito: Fotos Liesa<\/p>\n","protected":false},"excerpt":{"rendered":"<p>Cerca de 32 mil pessoas celebram o Dia Nacional do Samba com desfiles, shows e primeiro teste oficial do novo som da Sapuca\u00ed Cidade do Samba reuniu as 12 agremia\u00e7\u00f5es em tr\u00eas dias de festa com p\u00fablico recorde e apresenta\u00e7\u00f5es memor\u00e1veis O Rio Carnaval comemorou o Dia Nacional do Samba em grande estilo. Em um [&hellip;]<\/p>\n","protected":false},"author":1,"featured_media":4078,"comment_status":"closed","ping_status":"closed","sticky":false,"template":"","format":"standard","meta":{"footnotes":""},"categories":[11],"tags":[],"class_list":["post-4076","post","type-post","status-publish","format-standard","has-post-thumbnail","hentry","category-noticias"],"_links":{"self":[{"href":"https:\/\/mundodocarnaval.com.br\/pt_br\/wp-json\/wp\/v2\/posts\/4076","targetHints":{"allow":["GET"]}}],"collection":[{"href":"https:\/\/mundodocarnaval.com.br\/pt_br\/wp-json\/wp\/v2\/posts"}],"about":[{"href":"https:\/\/mundodocarnaval.com.br\/pt_br\/wp-json\/wp\/v2\/types\/post"}],"author":[{"embeddable":true,"href":"https:\/\/mundodocarnaval.com.br\/pt_br\/wp-json\/wp\/v2\/users\/1"}],"replies":[{"embeddable":true,"href":"https:\/\/mundodocarnaval.com.br\/pt_br\/wp-json\/wp\/v2\/comments?post=4076"}],"version-history":[{"count":1,"href":"https:\/\/mundodocarnaval.com.br\/pt_br\/wp-json\/wp\/v2\/posts\/4076\/revisions"}],"predecessor-version":[{"id":4079,"href":"https:\/\/mundodocarnaval.com.br\/pt_br\/wp-json\/wp\/v2\/posts\/4076\/revisions\/4079"}],"wp:featuredmedia":[{"embeddable":true,"href":"https:\/\/mundodocarnaval.com.br\/pt_br\/wp-json\/wp\/v2\/media\/4078"}],"wp:attachment":[{"href":"https:\/\/mundodocarnaval.com.br\/pt_br\/wp-json\/wp\/v2\/media?parent=4076"}],"wp:term":[{"taxonomy":"category","embeddable":true,"href":"https:\/\/mundodocarnaval.com.br\/pt_br\/wp-json\/wp\/v2\/categories?post=4076"},{"taxonomy":"post_tag","embeddable":true,"href":"https:\/\/mundodocarnaval.com.br\/pt_br\/wp-json\/wp\/v2\/tags?post=4076"}],"curies":[{"name":"wp","href":"https:\/\/api.w.org\/{rel}","templated":true}]}}