{"id":4083,"date":"2025-12-02T22:48:01","date_gmt":"2025-12-03T01:48:01","guid":{"rendered":"https:\/\/mundodocarnaval.com.br\/?p=4083"},"modified":"2025-12-02T22:48:01","modified_gmt":"2025-12-03T01:48:01","slug":"liesa-abre-ultima-chamada-para-arquibancadas","status":"publish","type":"post","link":"https:\/\/mundodocarnaval.com.br\/pt_br\/liesa-abre-ultima-chamada-para-arquibancadas\/","title":{"rendered":"LIESA ABRE \u201c\u00daLTIMA CHAMADA\u201d PARA ARQUIBANCADAS"},"content":{"rendered":"<p>LIESA ABRE \u201c\u00daLTIMA CHAMADA\u201d PARA ARQUIBANCADAS COM VENDA OFICIAL DO SETOR 9<\/p>\n<p>A Liesa abre, a partir desta ter\u00e7a-feira (2), no Dia Nacional do Samba, a \u00faltima chamada para a venda de arquibancadas para os desfiles do Rio Carnaval 2026 na Marqu\u00eas de Sapuca\u00ed. Nessa etapa final, o p\u00fablico passa a contar com uma novidade na oferta de ingressos: pela primeira vez, o Setor 9 ser\u00e1 comercializado diretamente ao p\u00fablico geral.<\/p>\n<p>Historicamente associado \u00e0 experi\u00eancia tur\u00edstica na Sapuca\u00ed, o Setor 9 passa agora a integrar a oferta oficial de ingressos do Rio Carnaval, em um movimento que tem como foco ampliar as op\u00e7\u00f5es e qualificar ainda mais a experi\u00eancia de quem assiste aos desfiles.<\/p>\n<p>Com localiza\u00e7\u00e3o e vista privilegiadas da pista, pr\u00f3ximo ao segundo recuo de bateria, o Setor 9 se diferencia das demais arquibancadas por oferecer lugares marcados, garantindo maior organiza\u00e7\u00e3o e conforto ao p\u00fablico.<\/p>\n<p>\u201cA cada ano, buscamos aperfei\u00e7oar a forma como o p\u00fablico vive o Carnaval na Sapuca\u00ed. Ao trazer o Setor 9 para a venda oficial, ampliamos as possibilidades de escolha e oferecemos uma categoria especial de arquibancada, com lugares numerados e uma experi\u00eancia mais organizada para quem quer acompanhar os desfiles\u201d, destaca o diretor financeiro da Liga, Jo\u00e3o Drumond.<\/p>\n<p>Por contar com configura\u00e7\u00e3o diferenciada de assentos e localiza\u00e7\u00e3o, o Setor 9 possui valor de ingresso superior ao das demais arquibancadas, posicionando-se como uma categoria diferenciada dentro do conjunto de op\u00e7\u00f5es dispon\u00edveis ao p\u00fablico.<\/p>\n<p>A oportunidade contempla os \u00faltimos lugares remanescentes de arquibancada para os desfiles do Rio Carnaval 2026, com estoque limitado e vendas dispon\u00edveis enquanto durarem os ingressos.<\/p>\n<p>As vendas ser\u00e3o realizadas exclusivamente pelos canais oficiais da Ticketmaster, com abertura a partir das 11h desta ter\u00e7a-feira (2), evitando a a\u00e7\u00e3o de intermedi\u00e1rios e garantindo seguran\u00e7a na compra.<\/p>\n<p>Outras informa\u00e7\u00f5es podem ser acessadas nos canais oficiais da Liesa.<\/p>\n<p>*foto em anexo, L\u00e9o Queiroz*<\/p>\n","protected":false},"excerpt":{"rendered":"<p>LIESA ABRE \u201c\u00daLTIMA CHAMADA\u201d PARA ARQUIBANCADAS COM VENDA OFICIAL DO SETOR 9 A Liesa abre, a partir desta ter\u00e7a-feira (2), no Dia Nacional do Samba, a \u00faltima chamada para a venda de arquibancadas para os desfiles do Rio Carnaval 2026 na Marqu\u00eas de Sapuca\u00ed. Nessa etapa final, o p\u00fablico passa a contar com uma novidade [&hellip;]<\/p>\n","protected":false},"author":1,"featured_media":4084,"comment_status":"closed","ping_status":"closed","sticky":false,"template":"","format":"standard","meta":{"footnotes":""},"categories":[12],"tags":[],"class_list":["post-4083","post","type-post","status-publish","format-standard","has-post-thumbnail","hentry","category-grupo-especial"],"_links":{"self":[{"href":"https:\/\/mundodocarnaval.com.br\/pt_br\/wp-json\/wp\/v2\/posts\/4083","targetHints":{"allow":["GET"]}}],"collection":[{"href":"https:\/\/mundodocarnaval.com.br\/pt_br\/wp-json\/wp\/v2\/posts"}],"about":[{"href":"https:\/\/mundodocarnaval.com.br\/pt_br\/wp-json\/wp\/v2\/types\/post"}],"author":[{"embeddable":true,"href":"https:\/\/mundodocarnaval.com.br\/pt_br\/wp-json\/wp\/v2\/users\/1"}],"replies":[{"embeddable":true,"href":"https:\/\/mundodocarnaval.com.br\/pt_br\/wp-json\/wp\/v2\/comments?post=4083"}],"version-history":[{"count":1,"href":"https:\/\/mundodocarnaval.com.br\/pt_br\/wp-json\/wp\/v2\/posts\/4083\/revisions"}],"predecessor-version":[{"id":4085,"href":"https:\/\/mundodocarnaval.com.br\/pt_br\/wp-json\/wp\/v2\/posts\/4083\/revisions\/4085"}],"wp:featuredmedia":[{"embeddable":true,"href":"https:\/\/mundodocarnaval.com.br\/pt_br\/wp-json\/wp\/v2\/media\/4084"}],"wp:attachment":[{"href":"https:\/\/mundodocarnaval.com.br\/pt_br\/wp-json\/wp\/v2\/media?parent=4083"}],"wp:term":[{"taxonomy":"category","embeddable":true,"href":"https:\/\/mundodocarnaval.com.br\/pt_br\/wp-json\/wp\/v2\/categories?post=4083"},{"taxonomy":"post_tag","embeddable":true,"href":"https:\/\/mundodocarnaval.com.br\/pt_br\/wp-json\/wp\/v2\/tags?post=4083"}],"curies":[{"name":"wp","href":"https:\/\/api.w.org\/{rel}","templated":true}]}}