{"id":4086,"date":"2025-12-02T22:53:14","date_gmt":"2025-12-03T01:53:14","guid":{"rendered":"https:\/\/mundodocarnaval.com.br\/?p=4086"},"modified":"2025-12-02T22:53:15","modified_gmt":"2025-12-03T01:53:15","slug":"cacique-de-ramos-anuncia-seus-novos-baluartes","status":"publish","type":"post","link":"https:\/\/mundodocarnaval.com.br\/pt_br\/cacique-de-ramos-anuncia-seus-novos-baluartes\/","title":{"rendered":"Cacique de Ramos anuncia seus novos Baluartes"},"content":{"rendered":"<p>Cacique de Ramos anuncia seus novos Baluartes  <\/p>\n<p>Fotos: M\u00e1rcio Lopes <\/p>\n<p>https:\/\/drive.google.com\/drive\/folders\/1y9jKmxNeM9Mo3BEIsyxukBhQg8-UT-QZ?usp=drive_link<\/p>\n<p>Reconhecimento aos mais experientes da Diretoria de Ouro destaca v\u00ednculos com Bira Presidente, agora Presidente de Honra, e reafirma a import\u00e2ncia da longevidade no samba.<\/p>\n<p>O Cacique de Ramos concedeu, neste domingo, 30 de novembro de 2025, o t\u00edtulo de Baluartes a tr\u00eas integrantes da Diretoria de Ouro cujo percurso se entrela\u00e7a \u00e0 hist\u00f3ria do bloco, nomeando Walter Pereira, de 81 anos, Sidney Machado, o Chopp, de 84, e Teteu Jos\u00e9, de 77. Os mais experientes, reconhecidos internamente como os 70+, participaram de um ensaio fotogr\u00e1fico, realizado por M\u00e1rcio Lopes, que antecedeu a homenagem apresentada no palco do Doce Ref\u00fagio. Recebidos sob aplausos, se emocionaram ao agradecer o reconhecimento, feito em nome do saudoso l\u00edder Bira Presidente e da atual dirigente Karla Marcely.<\/p>\n<p>A solenidade aconteceu durante a Roda de Samba em que o grupo For\u00e7a da Cor atuou como anfitri\u00e3o. A cerim\u00f4nia foi aberta pela palavra de Nayra Cezari, diretora de Comunica\u00e7\u00e3o, e seguiu com M\u00e1rcio Nascimento, vice-presidente. Em complemento \u00e0s homenagens individuais, a institui\u00e7\u00e3o anunciou a continuidade do projeto: em 2026 ser\u00e1 homenageado Fernando Jos\u00e9, quando completar setenta anos, seguindo a l\u00f3gica de reconhecer quem atravessou d\u00e9cadas de presen\u00e7a ativa e pertencente ao corpo diretivo do bloco.<\/p>\n<p>Walter da Silva Pereira est\u00e1 no Cacique desde 1964, pessoa da mais alta confian\u00e7a de Bira Presidente. Sr. Waltinho passou por diferentes fun\u00e7\u00f5es, inclusive a vice-presid\u00eancia, e permanece na Diretoria de Ouro como refer\u00eancia de compromisso e lealdade institucional, al\u00e9m da amizade a Bira e sua fam\u00edlia. Sobretudo, pela compet\u00eancia e responsabilidade em seus afazeres. Carioca, criado em Olaria, \u00e9 considerado um dos caciqueanos mais devotados \u00e0 hist\u00f3ria do bloco. Walter \u00e9 pai do historiador Walter Pereira J\u00fanior, que tamb\u00e9m \u00e9 membro da Diretoria de Ouro e coordenador do Centro de Mem\u00f3ria do Cacique.<\/p>\n<p>Sidney Machado, o Chopp, amigo de Bira Presidente desde a juventude, acompanhou a forma\u00e7\u00e3o do Cacique e integra a Diretoria de Ouro h\u00e1 onze anos. Sua proximidade com Bira \u00e9 vista internamente como exemplo para as novas gera\u00e7\u00f5es. Nascido e criado em Ramos, e com liga\u00e7\u00e3o direta com o Cacique em Olaria, Chopp acumula experi\u00eancia como diretor de Carnaval e harmonia, tendo passagens por diversas agremia\u00e7\u00f5es e conquistas que marcaram sua trajet\u00f3ria.<\/p>\n<p>Alceu Jos\u00e9 da Silva, o Teteu Jos\u00e9, cuja trajet\u00f3ria se confunde com a do Carnaval e da viv\u00eancia sambista, iniciou sua rela\u00e7\u00e3o com o Cacique como amigo de Bira nos meados da d\u00e9cada de setenta, ajudando a dar visibilidade midi\u00e1tica ao bloco por meio de sua atua\u00e7\u00e3o como produtor de televis\u00e3o na Rede Globo e, a partir de 2018, atua na diretoria, agregando saber pr\u00e1tico e experi\u00eancia. Natural de Ar\u00e9, Itaperuna, Teteu Jos\u00e9 \u00e9 um s\u00edmbolo da folia, amigo de todos.<\/p>\n<p>A escolha de consagrar Baluartes confirma uma pr\u00e1tica ancestral do samba: a voz dos mais velhos orienta caminhos, sustenta v\u00ednculos e define refer\u00eancias. Em tempos em que a longevidade assume novos significados sociais, a presen\u00e7a ativa daqueles que guardam mem\u00f3rias, modos de fazer e hist\u00f3rias que organizam a transmiss\u00e3o entre as gera\u00e7\u00f5es \u00e9 mais que um dever, \u00e9 um privil\u00e9gio.<\/p>\n<p>Vale lembrar que a iniciativa come\u00e7ou com o reconhecimento de Dona Wilma dos Santos Nunes, de 88 anos, que, em novembro de 2024, recebeu a faixa de Av\u00f3 do Samba do Cacique de Ramos, cuja trajet\u00f3ria e m\u00faltiplas passagens por Velhas Guardas consolidam a ideia de heran\u00e7a que aqui se reafirma.<\/p>\n","protected":false},"excerpt":{"rendered":"<p>Cacique de Ramos anuncia seus novos Baluartes Fotos: M\u00e1rcio Lopes https:\/\/drive.google.com\/drive\/folders\/1y9jKmxNeM9Mo3BEIsyxukBhQg8-UT-QZ?usp=drive_link Reconhecimento aos mais experientes da Diretoria de Ouro destaca v\u00ednculos com Bira Presidente, agora Presidente de Honra, e reafirma a import\u00e2ncia da longevidade no samba. O Cacique de Ramos concedeu, neste domingo, 30 de novembro de 2025, o t\u00edtulo de Baluartes a tr\u00eas integrantes [&hellip;]<\/p>\n","protected":false},"author":1,"featured_media":4087,"comment_status":"closed","ping_status":"closed","sticky":false,"template":"","format":"standard","meta":{"footnotes":""},"categories":[11],"tags":[],"class_list":["post-4086","post","type-post","status-publish","format-standard","has-post-thumbnail","hentry","category-noticias"],"_links":{"self":[{"href":"https:\/\/mundodocarnaval.com.br\/pt_br\/wp-json\/wp\/v2\/posts\/4086","targetHints":{"allow":["GET"]}}],"collection":[{"href":"https:\/\/mundodocarnaval.com.br\/pt_br\/wp-json\/wp\/v2\/posts"}],"about":[{"href":"https:\/\/mundodocarnaval.com.br\/pt_br\/wp-json\/wp\/v2\/types\/post"}],"author":[{"embeddable":true,"href":"https:\/\/mundodocarnaval.com.br\/pt_br\/wp-json\/wp\/v2\/users\/1"}],"replies":[{"embeddable":true,"href":"https:\/\/mundodocarnaval.com.br\/pt_br\/wp-json\/wp\/v2\/comments?post=4086"}],"version-history":[{"count":1,"href":"https:\/\/mundodocarnaval.com.br\/pt_br\/wp-json\/wp\/v2\/posts\/4086\/revisions"}],"predecessor-version":[{"id":4089,"href":"https:\/\/mundodocarnaval.com.br\/pt_br\/wp-json\/wp\/v2\/posts\/4086\/revisions\/4089"}],"wp:featuredmedia":[{"embeddable":true,"href":"https:\/\/mundodocarnaval.com.br\/pt_br\/wp-json\/wp\/v2\/media\/4087"}],"wp:attachment":[{"href":"https:\/\/mundodocarnaval.com.br\/pt_br\/wp-json\/wp\/v2\/media?parent=4086"}],"wp:term":[{"taxonomy":"category","embeddable":true,"href":"https:\/\/mundodocarnaval.com.br\/pt_br\/wp-json\/wp\/v2\/categories?post=4086"},{"taxonomy":"post_tag","embeddable":true,"href":"https:\/\/mundodocarnaval.com.br\/pt_br\/wp-json\/wp\/v2\/tags?post=4086"}],"curies":[{"name":"wp","href":"https:\/\/api.w.org\/{rel}","templated":true}]}}