{"id":4142,"date":"2026-01-16T22:28:41","date_gmt":"2026-01-17T01:28:41","guid":{"rendered":"https:\/\/mundodocarnaval.com.br\/?p=4142"},"modified":"2026-01-16T22:28:41","modified_gmt":"2026-01-17T01:28:41","slug":"dede-marinho-da-aula-de-samba-no-pe","status":"publish","type":"post","link":"https:\/\/mundodocarnaval.com.br\/pt_br\/dede-marinho-da-aula-de-samba-no-pe\/","title":{"rendered":"Ded\u00ea Marinho d\u00e1 aula de samba no p\u00e9"},"content":{"rendered":"<p>Ded\u00ea Marinho d\u00e1 aula de samba no p\u00e9 na Sapuca\u00ed<br \/>\nInstrutora da influenciadora digital Teresa Raquel <\/p>\n<p>Rainha de bateria da Unidos de Padre Miguel desde 2025, Andressa Marinho, mais conhecida como Ded\u00ea Marinho,  esteve na noite desta quarta-feira (14),  na Marqu\u00eas de Sapuca\u00ed. Ela foi acompanhada da influenciadora Teresa Rachel. <\/p>\n<p>\u201cO carnaval faz parte da minha estrutura de vida. Sou grata a todas as conquistas. Minha hist\u00f3ria come\u00e7ou a ser escrita na inf\u00e2ncia  e hoje estar \u00e0 frente da bateria \u2018Guerreiros\u2019 \u00e9 uma honra e a continua\u00e7\u00e3o de um sonho\u201d, ressalta a rainha.<\/p>\n<p>Teresa \u00e9 cearense e far\u00e1 sua estreia no Carnaval carioca como destaque de carro. Hoje foi a primeira vez que ela pisou na avenida. Na ocasi\u00e3o, aproveitou para ensaiar com a rainha, j\u00e1 que Andressa al\u00e9m de ocupar o posto \u00e0 frente dos ritmistas da escola, tamb\u00e9m \u00e9 bailarina.      <\/p>\n<p>Rec\u00e9m chegada ao Rio de Janeiro, a cearense Teresa Raquel se prepara para estrear no Carnaval carioca como destaque de carro e hoje pisou pela primeira vez na Sapuca\u00ed.<\/p>\n<p>\u201cFoi uma emo\u00e7\u00e3o indescrit\u00edvel. O meu cora\u00e7\u00e3o acelerou, fiquei muito emocionada. Quero sentir esse calor humano e me permitir todas as sensa\u00e7\u00f5es que fazem o meu cora\u00e7\u00e3o bater no ritmo de uma bateria de escola de samba\u201d, comenta Teresa.<\/p>\n<p>Faltando um m\u00eas para o carnaval, a rainha e a estreante treinam intensamente para ter um bom desempenho no desfile oficial do &#8216;boi vermelho&#8217; da Vila Vint\u00e9m.<\/p>\n<p>A escola apresenta esse ano o enredo &#8220;Kunh\u00e3-Et\u00e9: O Sopro Sagrado da Jurema&#8221;, focado na figura da hero\u00edna ind\u00edgena Clara Camar\u00e3o, que exalta a ancestralidade, a for\u00e7a feminina e a resist\u00eancia dos povos origin\u00e1rios, com elementos da cultura potiguara e o ritual do Tor\u00e9.<\/p>\n","protected":false},"excerpt":{"rendered":"<p>Ded\u00ea Marinho d\u00e1 aula de samba no p\u00e9 na Sapuca\u00ed Instrutora da influenciadora digital Teresa Raquel Rainha de bateria da Unidos de Padre Miguel desde 2025, Andressa Marinho, mais conhecida como Ded\u00ea Marinho, esteve na noite desta quarta-feira (14), na Marqu\u00eas de Sapuca\u00ed. Ela foi acompanhada da influenciadora Teresa Rachel. \u201cO carnaval faz parte da [&hellip;]<\/p>\n","protected":false},"author":1,"featured_media":4143,"comment_status":"closed","ping_status":"closed","sticky":false,"template":"","format":"standard","meta":{"footnotes":""},"categories":[11],"tags":[],"class_list":["post-4142","post","type-post","status-publish","format-standard","has-post-thumbnail","hentry","category-noticias"],"_links":{"self":[{"href":"https:\/\/mundodocarnaval.com.br\/pt_br\/wp-json\/wp\/v2\/posts\/4142","targetHints":{"allow":["GET"]}}],"collection":[{"href":"https:\/\/mundodocarnaval.com.br\/pt_br\/wp-json\/wp\/v2\/posts"}],"about":[{"href":"https:\/\/mundodocarnaval.com.br\/pt_br\/wp-json\/wp\/v2\/types\/post"}],"author":[{"embeddable":true,"href":"https:\/\/mundodocarnaval.com.br\/pt_br\/wp-json\/wp\/v2\/users\/1"}],"replies":[{"embeddable":true,"href":"https:\/\/mundodocarnaval.com.br\/pt_br\/wp-json\/wp\/v2\/comments?post=4142"}],"version-history":[{"count":1,"href":"https:\/\/mundodocarnaval.com.br\/pt_br\/wp-json\/wp\/v2\/posts\/4142\/revisions"}],"predecessor-version":[{"id":4144,"href":"https:\/\/mundodocarnaval.com.br\/pt_br\/wp-json\/wp\/v2\/posts\/4142\/revisions\/4144"}],"wp:featuredmedia":[{"embeddable":true,"href":"https:\/\/mundodocarnaval.com.br\/pt_br\/wp-json\/wp\/v2\/media\/4143"}],"wp:attachment":[{"href":"https:\/\/mundodocarnaval.com.br\/pt_br\/wp-json\/wp\/v2\/media?parent=4142"}],"wp:term":[{"taxonomy":"category","embeddable":true,"href":"https:\/\/mundodocarnaval.com.br\/pt_br\/wp-json\/wp\/v2\/categories?post=4142"},{"taxonomy":"post_tag","embeddable":true,"href":"https:\/\/mundodocarnaval.com.br\/pt_br\/wp-json\/wp\/v2\/tags?post=4142"}],"curies":[{"name":"wp","href":"https:\/\/api.w.org\/{rel}","templated":true}]}}