{"id":4148,"date":"2026-01-18T01:24:17","date_gmt":"2026-01-18T04:24:17","guid":{"rendered":"https:\/\/mundodocarnaval.com.br\/?p=4148"},"modified":"2026-01-18T01:24:17","modified_gmt":"2026-01-18T04:24:17","slug":"musa-da-porto-da-pedra-se-emociona-ao-conhecer-sabrina-sato","status":"publish","type":"post","link":"https:\/\/mundodocarnaval.com.br\/pt_br\/musa-da-porto-da-pedra-se-emociona-ao-conhecer-sabrina-sato\/","title":{"rendered":"Musa da Porto da Pedra se emociona ao conhecer Sabrina Sato"},"content":{"rendered":"<p>Fotos: L\u00e9o Cordeiro<br \/>\nMusa da Porto da Pedra se emociona ao conhecer Sabrina Sato<\/p>\n<p>O ensaio de rua da Vila Isabel, na noite desta quarta-feira (14), ganhou um brilho extra com o encontro de duas pot\u00eancias do Carnaval. Anny Alves, musa da Unidos do Porto da Pedra, cruzou o caminho da rainha de bateria Sabrina Sato em um momento que uniu admira\u00e7\u00e3o e muita emo\u00e7\u00e3o.<\/p>\n<p>Radicada na Cro\u00e1cia h\u00e1 12 anos, Anny viveu uma verdadeira &#8220;noite de f\u00e3&#8221;, mas por motivos que v\u00e3o muito al\u00e9m da est\u00e9tica. Ao encontrar Sabrina no treino da azul e branco, a empres\u00e1ria e influenciadora ficou impactada com o carisma e, principalmente, com a simplicidade da apresentadora.<\/p>\n<p>&#8220;Sabrina \u00e9 grande e nobre, e isso se sente de longe. A beleza dela \u00e9 ineg\u00e1vel e gritante, mas o que mais impressiona \u00e9 a beleza de quem sabe receber, olhar e acolher. N\u00e3o h\u00e1 dist\u00e2ncia, n\u00e3o h\u00e1 personagem. H\u00e1 presen\u00e7a, educa\u00e7\u00e3o e calor humano&#8221;, declarou Anny.<\/p>\n<p>Empres\u00e1ria acostumada com o mercado internacional e atleta de fisiculturismo na Europa, Anny destacou que a postura de Sabrina rompe as barreiras da fama e deveria servir de exemplo para todos. Para a musa da Porto da Pedra, o diferencial da rainha da Vila est\u00e1 na forma generosa como ela trata o p\u00fablico e as colegas de avenida.<\/p>\n<p>&#8220;A forma como ela olha e ouve as pessoas \u00e9 o que a torna rara. N\u00e3o h\u00e1 dist\u00e2ncia entre ela e o povo. Sabrina brilha por fora, mas ilumina mesmo \u00e9 por dentro&#8221;, filosofou a musa.<\/p>\n<p>O encontro, regado a muito samba e sorrisos, selou uma conex\u00e3o de respeito entre as duas beldades, que seguem em ritmo intenso de prepara\u00e7\u00e3o para a Marqu\u00eas de Sapuca\u00ed no Carnaval 2026.<\/p>\n","protected":false},"excerpt":{"rendered":"<p>Fotos: L\u00e9o Cordeiro Musa da Porto da Pedra se emociona ao conhecer Sabrina Sato O ensaio de rua da Vila Isabel, na noite desta quarta-feira (14), ganhou um brilho extra com o encontro de duas pot\u00eancias do Carnaval. Anny Alves, musa da Unidos do Porto da Pedra, cruzou o caminho da rainha de bateria Sabrina [&hellip;]<\/p>\n","protected":false},"author":1,"featured_media":4149,"comment_status":"closed","ping_status":"closed","sticky":false,"template":"","format":"standard","meta":{"footnotes":""},"categories":[11],"tags":[],"class_list":["post-4148","post","type-post","status-publish","format-standard","has-post-thumbnail","hentry","category-noticias"],"_links":{"self":[{"href":"https:\/\/mundodocarnaval.com.br\/pt_br\/wp-json\/wp\/v2\/posts\/4148","targetHints":{"allow":["GET"]}}],"collection":[{"href":"https:\/\/mundodocarnaval.com.br\/pt_br\/wp-json\/wp\/v2\/posts"}],"about":[{"href":"https:\/\/mundodocarnaval.com.br\/pt_br\/wp-json\/wp\/v2\/types\/post"}],"author":[{"embeddable":true,"href":"https:\/\/mundodocarnaval.com.br\/pt_br\/wp-json\/wp\/v2\/users\/1"}],"replies":[{"embeddable":true,"href":"https:\/\/mundodocarnaval.com.br\/pt_br\/wp-json\/wp\/v2\/comments?post=4148"}],"version-history":[{"count":1,"href":"https:\/\/mundodocarnaval.com.br\/pt_br\/wp-json\/wp\/v2\/posts\/4148\/revisions"}],"predecessor-version":[{"id":4150,"href":"https:\/\/mundodocarnaval.com.br\/pt_br\/wp-json\/wp\/v2\/posts\/4148\/revisions\/4150"}],"wp:featuredmedia":[{"embeddable":true,"href":"https:\/\/mundodocarnaval.com.br\/pt_br\/wp-json\/wp\/v2\/media\/4149"}],"wp:attachment":[{"href":"https:\/\/mundodocarnaval.com.br\/pt_br\/wp-json\/wp\/v2\/media?parent=4148"}],"wp:term":[{"taxonomy":"category","embeddable":true,"href":"https:\/\/mundodocarnaval.com.br\/pt_br\/wp-json\/wp\/v2\/categories?post=4148"},{"taxonomy":"post_tag","embeddable":true,"href":"https:\/\/mundodocarnaval.com.br\/pt_br\/wp-json\/wp\/v2\/tags?post=4148"}],"curies":[{"name":"wp","href":"https:\/\/api.w.org\/{rel}","templated":true}]}}