{"id":4154,"date":"2026-01-18T01:35:28","date_gmt":"2026-01-18T04:35:28","guid":{"rendered":"https:\/\/mundodocarnaval.com.br\/?p=4154"},"modified":"2026-01-18T01:35:29","modified_gmt":"2026-01-18T04:35:29","slug":"amanda-fernandes-reforca-compromisso-com-a-uniao-da-ilha","status":"publish","type":"post","link":"https:\/\/mundodocarnaval.com.br\/pt_br\/amanda-fernandes-reforca-compromisso-com-a-uniao-da-ilha\/","title":{"rendered":"Amanda Fernandes refor\u00e7a compromisso com a Uni\u00e3o da Ilha"},"content":{"rendered":"<p>Amanda Fernandes refor\u00e7a compromisso com a Uni\u00e3o da Ilha e chega ao terceiro ano como musa da agremia\u00e7\u00e3o<\/p>\n<p>A musa Amanda Fernandes vive mais um cap\u00edtulo marcante de sua trajet\u00f3ria na Uni\u00e3o da Ilha do Governador. Em 2026, ela completa seu terceiro ano consecutivo como musa da tradicional escola insulana, consolidando sua presen\u00e7a e seu envolvimento com a agremia\u00e7\u00e3o.<\/p>\n<p>Presente em todos os ensaios, Amanda se destaca pela dedica\u00e7\u00e3o, participa\u00e7\u00e3o ativa e proximidade com a comunidade. Ao longo da prepara\u00e7\u00e3o para o Carnaval, tem recebido o carinho dos componentes e da torcida, fortalecendo ainda mais sua rela\u00e7\u00e3o com a escola.<\/p>\n<p>A um m\u00eas dos desfiles das escolas de samba, Amanda afirma estar confiante e preparada para encarar a Marqu\u00eas de Sapuca\u00ed.<\/p>\n<p>&#8211; Vai chegando nesta reta final o friozinho na barriga s\u00f3 aumenta, parece que \u00e9 a primeira vez. Mas n\u00e3o vejo a hora de pisar na Sapuca\u00ed riscando aquele ch\u00e3o com a minha escola, com a comunidade insulana rumo ao t\u00edtulo e a vaga no Grupo Especial. No que depender de mim, j\u00e1 somos campe\u00f5es. \u2013 Revela a musa.<\/p>\n<p>Fotos: Divulga\u00e7\u00e3o \/ Gardel Assessoria <\/p>\n","protected":false},"excerpt":{"rendered":"<p>Amanda Fernandes refor\u00e7a compromisso com a Uni\u00e3o da Ilha e chega ao terceiro ano como musa da agremia\u00e7\u00e3o A musa Amanda Fernandes vive mais um cap\u00edtulo marcante de sua trajet\u00f3ria na Uni\u00e3o da Ilha do Governador. Em 2026, ela completa seu terceiro ano consecutivo como musa da tradicional escola insulana, consolidando sua presen\u00e7a e seu [&hellip;]<\/p>\n","protected":false},"author":1,"featured_media":4155,"comment_status":"closed","ping_status":"closed","sticky":false,"template":"","format":"standard","meta":{"footnotes":""},"categories":[11],"tags":[],"class_list":["post-4154","post","type-post","status-publish","format-standard","has-post-thumbnail","hentry","category-noticias"],"_links":{"self":[{"href":"https:\/\/mundodocarnaval.com.br\/pt_br\/wp-json\/wp\/v2\/posts\/4154","targetHints":{"allow":["GET"]}}],"collection":[{"href":"https:\/\/mundodocarnaval.com.br\/pt_br\/wp-json\/wp\/v2\/posts"}],"about":[{"href":"https:\/\/mundodocarnaval.com.br\/pt_br\/wp-json\/wp\/v2\/types\/post"}],"author":[{"embeddable":true,"href":"https:\/\/mundodocarnaval.com.br\/pt_br\/wp-json\/wp\/v2\/users\/1"}],"replies":[{"embeddable":true,"href":"https:\/\/mundodocarnaval.com.br\/pt_br\/wp-json\/wp\/v2\/comments?post=4154"}],"version-history":[{"count":1,"href":"https:\/\/mundodocarnaval.com.br\/pt_br\/wp-json\/wp\/v2\/posts\/4154\/revisions"}],"predecessor-version":[{"id":4156,"href":"https:\/\/mundodocarnaval.com.br\/pt_br\/wp-json\/wp\/v2\/posts\/4154\/revisions\/4156"}],"wp:featuredmedia":[{"embeddable":true,"href":"https:\/\/mundodocarnaval.com.br\/pt_br\/wp-json\/wp\/v2\/media\/4155"}],"wp:attachment":[{"href":"https:\/\/mundodocarnaval.com.br\/pt_br\/wp-json\/wp\/v2\/media?parent=4154"}],"wp:term":[{"taxonomy":"category","embeddable":true,"href":"https:\/\/mundodocarnaval.com.br\/pt_br\/wp-json\/wp\/v2\/categories?post=4154"},{"taxonomy":"post_tag","embeddable":true,"href":"https:\/\/mundodocarnaval.com.br\/pt_br\/wp-json\/wp\/v2\/tags?post=4154"}],"curies":[{"name":"wp","href":"https:\/\/api.w.org\/{rel}","templated":true}]}}