{"id":4157,"date":"2026-01-18T01:43:37","date_gmt":"2026-01-18T04:43:37","guid":{"rendered":"https:\/\/mundodocarnaval.com.br\/?p=4157"},"modified":"2026-01-18T01:43:37","modified_gmt":"2026-01-18T04:43:37","slug":"dos-caminhos-do-samba-ao-bar-do-carnaval","status":"publish","type":"post","link":"https:\/\/mundodocarnaval.com.br\/pt_br\/dos-caminhos-do-samba-ao-bar-do-carnaval\/","title":{"rendered":"&#8220;Dos Caminhos do Samba ao Bar do Carnaval&#8221;"},"content":{"rendered":"<p>&#8220;Dos Caminhos do Samba ao Bar do Carnaval&#8221; promove aulas a c\u00e9u aberto nas ruas de Vila Isabel e Maracan\u00e3<\/p>\n<p>Nos dias 18 de janeiro e 1\u00ba de fevereiro acontece o roteiro &#8220;Dos Caminhos do Samba ao Bar do Carnaval&#8221;, uma aula-passeio pelas ruas de Vila Isabel e Maracan\u00e3 terminando no Bar\u00f3dromo, refer\u00eancia de bar tem\u00e1tico de Carnaval da cidade.<\/p>\n<p>As aulas, organizadas e ministradas pelos professores Claudio Rocha e Carolina Grimi\u00e3o, em parceria com o Bar\u00f3dromo, passam por lugares onde a mem\u00f3ria afetiva e hist\u00f3rica do samba se faz presente. E finaliza no bar que guarda tantas outras mem\u00f3rias de desfiles.<\/p>\n<p>Com duas datas previstas para esse in\u00edcio de ano, o roteiro acontece no dia 18 de janeiro e 1\u00ba de fevereiro, \u00e0s 10h, com in\u00edcio na Pra\u00e7a Bar\u00e3o de Drummond.<\/p>\n<p>A participa\u00e7\u00e3o \u00e9 gratuita, mas a lota\u00e7\u00e3o \u00e9 restrita. Para garantir a vaga \u00e9 necess\u00e1rio realizar a inscri\u00e7\u00e3o no link: https:\/\/forms.gle\/8SLRNm4VB6aQTC478<\/p>\n<p>Para os idealizadores do projeto, o roteiro \u00e9 um convite entre o passado e presente: \u201cO Bar\u00f3dromo \u00e9 mais que um bar. \u00c9 um local de refer\u00eancia nessa encruzilhada de paix\u00f5es que comp\u00f5em os bairros de Vila Isabel e Maracan\u00e3. Ao ser hist\u00f3ria, ele tamb\u00e9m conta hist\u00f3rias. Revive desfiles, imortaliza figurinos, adere\u00e7os, desenhos, camisas. Congrega, compartilha e se refaz na cad\u00eancia de cada Carnaval\u201d, explicam.<\/p>\n<p>Servi\u00e7o:<\/p>\n<p>Roteiro  &#8220;Dos Caminhos do Samba ao Bar do Carnaval&#8221;<\/p>\n<p>Datas: 18 de janeiro \/ 1\u00ba de fevereiro (domingos)<\/p>\n<p>Ponto de encontro: Pra\u00e7a Bar\u00e3o de Drummond<\/p>\n<p>Hor\u00e1rio: 10h<\/p>\n<p>Inscri\u00e7\u00f5es: https:\/\/forms.gle\/8SLRNm4VB6aQTC478<\/p>\n<p>Gratuito<\/p>\n<p>Classifica\u00e7\u00e3o livre<\/p>\n","protected":false},"excerpt":{"rendered":"<p>&#8220;Dos Caminhos do Samba ao Bar do Carnaval&#8221; promove aulas a c\u00e9u aberto nas ruas de Vila Isabel e Maracan\u00e3 Nos dias 18 de janeiro e 1\u00ba de fevereiro acontece o roteiro &#8220;Dos Caminhos do Samba ao Bar do Carnaval&#8221;, uma aula-passeio pelas ruas de Vila Isabel e Maracan\u00e3 terminando no Bar\u00f3dromo, refer\u00eancia de bar [&hellip;]<\/p>\n","protected":false},"author":1,"featured_media":4158,"comment_status":"closed","ping_status":"closed","sticky":false,"template":"","format":"standard","meta":{"footnotes":""},"categories":[11],"tags":[],"class_list":["post-4157","post","type-post","status-publish","format-standard","has-post-thumbnail","hentry","category-noticias"],"_links":{"self":[{"href":"https:\/\/mundodocarnaval.com.br\/pt_br\/wp-json\/wp\/v2\/posts\/4157","targetHints":{"allow":["GET"]}}],"collection":[{"href":"https:\/\/mundodocarnaval.com.br\/pt_br\/wp-json\/wp\/v2\/posts"}],"about":[{"href":"https:\/\/mundodocarnaval.com.br\/pt_br\/wp-json\/wp\/v2\/types\/post"}],"author":[{"embeddable":true,"href":"https:\/\/mundodocarnaval.com.br\/pt_br\/wp-json\/wp\/v2\/users\/1"}],"replies":[{"embeddable":true,"href":"https:\/\/mundodocarnaval.com.br\/pt_br\/wp-json\/wp\/v2\/comments?post=4157"}],"version-history":[{"count":1,"href":"https:\/\/mundodocarnaval.com.br\/pt_br\/wp-json\/wp\/v2\/posts\/4157\/revisions"}],"predecessor-version":[{"id":4159,"href":"https:\/\/mundodocarnaval.com.br\/pt_br\/wp-json\/wp\/v2\/posts\/4157\/revisions\/4159"}],"wp:featuredmedia":[{"embeddable":true,"href":"https:\/\/mundodocarnaval.com.br\/pt_br\/wp-json\/wp\/v2\/media\/4158"}],"wp:attachment":[{"href":"https:\/\/mundodocarnaval.com.br\/pt_br\/wp-json\/wp\/v2\/media?parent=4157"}],"wp:term":[{"taxonomy":"category","embeddable":true,"href":"https:\/\/mundodocarnaval.com.br\/pt_br\/wp-json\/wp\/v2\/categories?post=4157"},{"taxonomy":"post_tag","embeddable":true,"href":"https:\/\/mundodocarnaval.com.br\/pt_br\/wp-json\/wp\/v2\/tags?post=4157"}],"curies":[{"name":"wp","href":"https:\/\/api.w.org\/{rel}","templated":true}]}}