{"id":4165,"date":"2026-01-18T19:15:56","date_gmt":"2026-01-18T22:15:56","guid":{"rendered":"https:\/\/mundodocarnaval.com.br\/?p=4165"},"modified":"2026-01-18T19:15:57","modified_gmt":"2026-01-18T22:15:57","slug":"entre-o-barracao-e-os-livros-carnavalesca-do-aprendizes-do-salgueiro-e-2a-colocada-na-uerj","status":"publish","type":"post","link":"https:\/\/mundodocarnaval.com.br\/pt_br\/entre-o-barracao-e-os-livros-carnavalesca-do-aprendizes-do-salgueiro-e-2a-colocada-na-uerj\/","title":{"rendered":"Entre o barrac\u00e3o e os livros, carnavalesca do Aprendizes do Salgueiro \u00e9 2\u00aa colocada na UERJ"},"content":{"rendered":"<p>Entre o barrac\u00e3o e os livros, carnavalesca do Aprendizes do Salgueiro \u00e9 2\u00aa colocada na UERJ<br \/>\nZo\u00e9 Aguiar integra o restrito grupo de mulheres carnavalescas em um carnaval ainda dominado por homens<\/p>\n<p>O Aprendizes do Salgueiro apresenta um exemplo concreto de como o carnaval pode ser tamb\u00e9m um espa\u00e7o de forma\u00e7\u00e3o e educa\u00e7\u00e3o. Zo\u00e9 Aguiar, uma das carnavalescas da escola mirim e \u00fanica mulher da equipe criativa, conquistou o 2\u00ba lugar na UERJ, no curso de Hist\u00f3ria da Arte, al\u00e9m de alcan\u00e7ar 940 pontos na reda\u00e7\u00e3o do ENEM, conciliando a intensa rotina de cria\u00e7\u00e3o carnavalesca com uma prepara\u00e7\u00e3o rigorosa para o vestibular.<\/p>\n<p>A not\u00edcia da aprova\u00e7\u00e3o chegou em um lugar simb\u00f3lico: a caminho de um ensaio do Salgueiro. Foi ali, entre compromissos do carnaval, que Zo\u00e9 viu seu nome na lista. A comemora\u00e7\u00e3o aconteceu no samba, um detalhe que traduz com precis\u00e3o sua trajet\u00f3ria. A universidade p\u00fablica e o barrac\u00e3o nunca estiveram em lados opostos em sua vida.<\/p>\n<p>Do concurso de talentos \u00e0 consolida\u00e7\u00e3o como carnavalesca<\/p>\n<p>Uma das respons\u00e1veis pelo carnaval de 2025 e j\u00e1 nos preparativos finais para o desfile de 2026, Zo\u00e9 chegou ao Aprendizes por meio de um concurso criado pela escola para revelar novos talentos da comunidade. Ao lado de Davi Lisb\u00f4a, Lucas Marques e Thiago Mello, ela integrou a Comiss\u00e3o de Carnaval escolhida para assinar o enredo \u201cUni-Duni-Te: O Aprendizes escolheu voc\u00ea\u201d, que homenageou a artista Maria Augusta, refer\u00eancia hist\u00f3rica do carnaval carioca.<\/p>\n<p>A experi\u00eancia foi decisiva para a consolida\u00e7\u00e3o de Zo\u00e9 como carnavalesca. Durante o processo, Maria Augusta acompanhou de perto o trabalho dos jovens e teve papel marcante em sua trajet\u00f3ria. O momento em que a artista reconheceu publicamente seu talento foi determinante para que Zo\u00e9 tivesse a certeza de que aquele era o caminho profissional que desejava seguir.<\/p>\n<p>Mesmo diante de uma rotina exaustiva, Zo\u00e9 conseguiu equilibrar duas prioridades que exigem dedica\u00e7\u00e3o integral: o carnaval e os estudos. O ano de 2025 foi marcado por longas jornadas de prepara\u00e7\u00e3o acad\u00eamica, muitas vezes conciliadas com reuni\u00f5es, processos criativos e responsabilidades na confecc\u00e7\u00e3o de fantasias. O desafio foi manter a concentra\u00e7\u00e3o e a sa\u00fade mental exigidas pelo setor criativo sem abrir m\u00e3o do desempenho acad\u00eamico.<\/p>\n<p>Apesar das dificuldades, o apoio recebido dentro da escola foi determinante para sua perman\u00eancia. A confian\u00e7a da diretoria e da equipe refor\u00e7ou a possibilidade de seguir no carnaval sem abandonar o sonho universit\u00e1rio, mostrando que a forma\u00e7\u00e3o educacional n\u00e3o \u00e9 vista como obst\u00e1culo, mas como parte do processo de crescimento.<\/p>\n<p>Representatividade feminina e o carnaval como forma\u00e7\u00e3o social<\/p>\n<p>A presen\u00e7a de Zo\u00e9 no cargo de carnavalesca tamb\u00e9m refor\u00e7a a import\u00e2ncia da representatividade feminina no carnaval. Em um ambiente historicamente masculino e ainda marcado por pr\u00e1ticas machistas, sua atua\u00e7\u00e3o simboliza a ocupa\u00e7\u00e3o de espa\u00e7os de cria\u00e7\u00e3o e lideran\u00e7a por mulheres jovens. A trajet\u00f3ria da carnavalesca aponta para um movimento de transforma\u00e7\u00e3o que come\u00e7a nas escolas mirins e se projeta para o futuro do samba.<\/p>\n<p>Essa vis\u00e3o est\u00e1 alinhada ao trabalho desenvolvido pelo Aprendizes do Salgueiro fora da avenida. A escola mant\u00e9m, ao longo de todo o ano, um projeto social que atende cerca de 800 fam\u00edlias, oferecendo 21 oficinas gratuitas nas \u00e1reas de cultura, esporte, educa\u00e7\u00e3o e cuidado social. A proposta refor\u00e7a o entendimento do carnaval como ferramenta de forma\u00e7\u00e3o cidad\u00e3.<\/p>\n<p>\u201cAs pessoas est\u00e3o aqui vivendo a divers\u00e3o do Carnaval, mas \u00e9 importante refor\u00e7ar que o nosso trabalho n\u00e3o \u00e9 s\u00f3 entretenimento. O Aprendizes realiza um trabalho social que acontece 365 dias no ano, e as oficinas mostram exatamente isso. Ver a nossa carnavalesca prestes a engrenar em uma universidade p\u00fablica \u00e9 um lindo exemplo para toda a comunidade\u201d, destaca a presidente do Aprendizes do Salgueiro, Mara Rosa.<\/p>\n<p>Confirmada como carnavalesca para o carnaval de 2026, Zo\u00e9 encara a continuidade como um processo de amadurecimento e supera\u00e7\u00e3o. A perman\u00eancia na equipe simboliza n\u00e3o apenas a consolida\u00e7\u00e3o de seu trabalho art\u00edstico, mas tamb\u00e9m a reafirma\u00e7\u00e3o de que \u00e9 poss\u00edvel sonhar alto, estudar e ocupar espa\u00e7os de protagonismo no carnaval.<\/p>\n<p>No Aprendizes do Salgueiro, o samba ensina, educa e transforma. E a trajet\u00f3ria de Zo\u00e9 Aguiar refor\u00e7a que o futuro do carnaval tamb\u00e9m passa pela educa\u00e7\u00e3o, pela inclus\u00e3o e pela valoriza\u00e7\u00e3o de novos talentos.<\/p>\n","protected":false},"excerpt":{"rendered":"<p>Entre o barrac\u00e3o e os livros, carnavalesca do Aprendizes do Salgueiro \u00e9 2\u00aa colocada na UERJ Zo\u00e9 Aguiar integra o restrito grupo de mulheres carnavalescas em um carnaval ainda dominado por homens O Aprendizes do Salgueiro apresenta um exemplo concreto de como o carnaval pode ser tamb\u00e9m um espa\u00e7o de forma\u00e7\u00e3o e educa\u00e7\u00e3o. Zo\u00e9 Aguiar, [&hellip;]<\/p>\n","protected":false},"author":1,"featured_media":4166,"comment_status":"closed","ping_status":"closed","sticky":false,"template":"","format":"standard","meta":{"footnotes":""},"categories":[11],"tags":[],"class_list":["post-4165","post","type-post","status-publish","format-standard","has-post-thumbnail","hentry","category-noticias"],"_links":{"self":[{"href":"https:\/\/mundodocarnaval.com.br\/pt_br\/wp-json\/wp\/v2\/posts\/4165","targetHints":{"allow":["GET"]}}],"collection":[{"href":"https:\/\/mundodocarnaval.com.br\/pt_br\/wp-json\/wp\/v2\/posts"}],"about":[{"href":"https:\/\/mundodocarnaval.com.br\/pt_br\/wp-json\/wp\/v2\/types\/post"}],"author":[{"embeddable":true,"href":"https:\/\/mundodocarnaval.com.br\/pt_br\/wp-json\/wp\/v2\/users\/1"}],"replies":[{"embeddable":true,"href":"https:\/\/mundodocarnaval.com.br\/pt_br\/wp-json\/wp\/v2\/comments?post=4165"}],"version-history":[{"count":1,"href":"https:\/\/mundodocarnaval.com.br\/pt_br\/wp-json\/wp\/v2\/posts\/4165\/revisions"}],"predecessor-version":[{"id":4167,"href":"https:\/\/mundodocarnaval.com.br\/pt_br\/wp-json\/wp\/v2\/posts\/4165\/revisions\/4167"}],"wp:featuredmedia":[{"embeddable":true,"href":"https:\/\/mundodocarnaval.com.br\/pt_br\/wp-json\/wp\/v2\/media\/4166"}],"wp:attachment":[{"href":"https:\/\/mundodocarnaval.com.br\/pt_br\/wp-json\/wp\/v2\/media?parent=4165"}],"wp:term":[{"taxonomy":"category","embeddable":true,"href":"https:\/\/mundodocarnaval.com.br\/pt_br\/wp-json\/wp\/v2\/categories?post=4165"},{"taxonomy":"post_tag","embeddable":true,"href":"https:\/\/mundodocarnaval.com.br\/pt_br\/wp-json\/wp\/v2\/tags?post=4165"}],"curies":[{"name":"wp","href":"https:\/\/api.w.org\/{rel}","templated":true}]}}