{"id":4168,"date":"2026-01-18T19:23:27","date_gmt":"2026-01-18T22:23:27","guid":{"rendered":"https:\/\/mundodocarnaval.com.br\/?p=4168"},"modified":"2026-01-18T19:23:28","modified_gmt":"2026-01-18T22:23:28","slug":"destaque-da-unidos-de-padre-miguel-encara-ensaio-com-os-pes-machucados","status":"publish","type":"post","link":"https:\/\/mundodocarnaval.com.br\/pt_br\/destaque-da-unidos-de-padre-miguel-encara-ensaio-com-os-pes-machucados\/","title":{"rendered":"Destaque da Unidos de Padre Miguel encara ensaio com os p\u00e9s machucados"},"content":{"rendered":"<p>Cr\u00e9dito das Fotos: Elias Neto<\/p>\n<p>Destaque da Unidos de Padre Miguel encara ensaio com os p\u00e9s machucados<\/p>\n<p>Teresa Rachel supera a dor por amor ao Carnaval<\/p>\n<p>H\u00e1 quem pense que a vida de um destaque do carnaval \u00e9 s\u00f3 glamour.  Prestes a estrear na Unidos de Padre Miguel, a bailarina Teresa Rachel enfrentou o desafio durante o ensaio da Unidos de Padre Miguel na noite de hoje (16), de desfilar por aproximadamente 1h com os p\u00e9s feridos.<\/p>\n<p>O treino intenso com \u00e0s aulas de samba no p\u00e9 desde que chegou ao Rio de Janeiro mudou a rotina da bailarina, que vai dosar a o tempo de aula nas pr\u00f3ximas semanas, na tentativa de preservar os p\u00e9s.<\/p>\n<p>\u201cVoc\u00eas acham que \u00e9 s\u00f3 vestir uma roupa linda e cair no samba? Que nada! No bal\u00e9 assim como no samba \u00e9 comum ficar com os p\u00e9s feridos, por treinos constantes. Faz parte! \u00c9 literalmente dar o sangue pela escola\u201d, brinca Teresa.  <\/p>\n<p>Para o ensaio, Teresa caprichou no look bem sensual e cheio de brilho que valorizou seu corpo. O figurino \u00e9 um corselet bordado \u00e0 m\u00e3o com cristais e p\u00e9rolas e um short jeans para completar o visual.<\/p>\n","protected":false},"excerpt":{"rendered":"<p>Cr\u00e9dito das Fotos: Elias Neto Destaque da Unidos de Padre Miguel encara ensaio com os p\u00e9s machucados Teresa Rachel supera a dor por amor ao Carnaval H\u00e1 quem pense que a vida de um destaque do carnaval \u00e9 s\u00f3 glamour. Prestes a estrear na Unidos de Padre Miguel, a bailarina Teresa Rachel enfrentou o desafio [&hellip;]<\/p>\n","protected":false},"author":1,"featured_media":4169,"comment_status":"closed","ping_status":"closed","sticky":false,"template":"","format":"standard","meta":{"footnotes":""},"categories":[11],"tags":[],"class_list":["post-4168","post","type-post","status-publish","format-standard","has-post-thumbnail","hentry","category-noticias"],"_links":{"self":[{"href":"https:\/\/mundodocarnaval.com.br\/pt_br\/wp-json\/wp\/v2\/posts\/4168","targetHints":{"allow":["GET"]}}],"collection":[{"href":"https:\/\/mundodocarnaval.com.br\/pt_br\/wp-json\/wp\/v2\/posts"}],"about":[{"href":"https:\/\/mundodocarnaval.com.br\/pt_br\/wp-json\/wp\/v2\/types\/post"}],"author":[{"embeddable":true,"href":"https:\/\/mundodocarnaval.com.br\/pt_br\/wp-json\/wp\/v2\/users\/1"}],"replies":[{"embeddable":true,"href":"https:\/\/mundodocarnaval.com.br\/pt_br\/wp-json\/wp\/v2\/comments?post=4168"}],"version-history":[{"count":1,"href":"https:\/\/mundodocarnaval.com.br\/pt_br\/wp-json\/wp\/v2\/posts\/4168\/revisions"}],"predecessor-version":[{"id":4170,"href":"https:\/\/mundodocarnaval.com.br\/pt_br\/wp-json\/wp\/v2\/posts\/4168\/revisions\/4170"}],"wp:featuredmedia":[{"embeddable":true,"href":"https:\/\/mundodocarnaval.com.br\/pt_br\/wp-json\/wp\/v2\/media\/4169"}],"wp:attachment":[{"href":"https:\/\/mundodocarnaval.com.br\/pt_br\/wp-json\/wp\/v2\/media?parent=4168"}],"wp:term":[{"taxonomy":"category","embeddable":true,"href":"https:\/\/mundodocarnaval.com.br\/pt_br\/wp-json\/wp\/v2\/categories?post=4168"},{"taxonomy":"post_tag","embeddable":true,"href":"https:\/\/mundodocarnaval.com.br\/pt_br\/wp-json\/wp\/v2\/tags?post=4168"}],"curies":[{"name":"wp","href":"https:\/\/api.w.org\/{rel}","templated":true}]}}