{"id":4241,"date":"2026-01-31T17:39:43","date_gmt":"2026-01-31T20:39:43","guid":{"rendered":"https:\/\/mundodocarnaval.com.br\/?p=4241"},"modified":"2026-01-31T17:39:43","modified_gmt":"2026-01-31T20:39:43","slug":"unidos-de-vila-isabel-encerra-temporada-de-ensaios-de-rua","status":"publish","type":"post","link":"https:\/\/mundodocarnaval.com.br\/pt_br\/unidos-de-vila-isabel-encerra-temporada-de-ensaios-de-rua\/","title":{"rendered":"Unidos de Vila Isabel encerra temporada de ensaios de rua"},"content":{"rendered":"<p>Unidos de Vila Isabel encerra temporada de ensaios de rua e entra na reta final rumo ao Carnaval 2026<\/p>\n<p>A Unidos de Vila Isabel finaliza, nesta quarta-feira (28), sua temporada de ensaios de rua. Iniciados em novembro, os encontros chegam \u00e0 reta final com a presen\u00e7a de todos os segmentos da escola.<\/p>\n<p>Com o fim dos ensaios de rua, a Vila Isabel volta suas aten\u00e7\u00f5es para os ensaios t\u00e9cnicos, que come\u00e7am j\u00e1 neste fim de semana. A escola ser\u00e1 a primeira a passar na avenida no s\u00e1bado (31), abrindo a segunda noite.<\/p>\n<p>No Carnaval 2026, a azul e branca do bairro de Noel desfilar\u00e1 com o enredo \u201cMacumbemb\u00ea, Samboremb\u00e1: Sonhei que um sambista sonhou a \u00c1frica\u201d, assinado pelos carnavalescos Gabriel Haddad e Leonardo Bora, com pesquisa de Vin\u00edcius Natal. A proposta celebra a ancestralidade africana, os fundamentos do samba e a trajet\u00f3ria de Heitor dos Prazeres, um dos maiores \u00edcones da cultura popular brasileira e da hist\u00f3ria do samba.<\/p>\n<p>A Unidos de Vila Isabel ser\u00e1 a segunda escola a desfilar na ter\u00e7a-feira, 17 de fevereiro de 2026.<\/p>\n","protected":false},"excerpt":{"rendered":"<p>Unidos de Vila Isabel encerra temporada de ensaios de rua e entra na reta final rumo ao Carnaval 2026 A Unidos de Vila Isabel finaliza, nesta quarta-feira (28), sua temporada de ensaios de rua. Iniciados em novembro, os encontros chegam \u00e0 reta final com a presen\u00e7a de todos os segmentos da escola. Com o fim [&hellip;]<\/p>\n","protected":false},"author":1,"featured_media":4242,"comment_status":"closed","ping_status":"closed","sticky":false,"template":"","format":"standard","meta":{"footnotes":""},"categories":[12],"tags":[],"class_list":["post-4241","post","type-post","status-publish","format-standard","has-post-thumbnail","hentry","category-grupo-especial"],"_links":{"self":[{"href":"https:\/\/mundodocarnaval.com.br\/pt_br\/wp-json\/wp\/v2\/posts\/4241","targetHints":{"allow":["GET"]}}],"collection":[{"href":"https:\/\/mundodocarnaval.com.br\/pt_br\/wp-json\/wp\/v2\/posts"}],"about":[{"href":"https:\/\/mundodocarnaval.com.br\/pt_br\/wp-json\/wp\/v2\/types\/post"}],"author":[{"embeddable":true,"href":"https:\/\/mundodocarnaval.com.br\/pt_br\/wp-json\/wp\/v2\/users\/1"}],"replies":[{"embeddable":true,"href":"https:\/\/mundodocarnaval.com.br\/pt_br\/wp-json\/wp\/v2\/comments?post=4241"}],"version-history":[{"count":1,"href":"https:\/\/mundodocarnaval.com.br\/pt_br\/wp-json\/wp\/v2\/posts\/4241\/revisions"}],"predecessor-version":[{"id":4243,"href":"https:\/\/mundodocarnaval.com.br\/pt_br\/wp-json\/wp\/v2\/posts\/4241\/revisions\/4243"}],"wp:featuredmedia":[{"embeddable":true,"href":"https:\/\/mundodocarnaval.com.br\/pt_br\/wp-json\/wp\/v2\/media\/4242"}],"wp:attachment":[{"href":"https:\/\/mundodocarnaval.com.br\/pt_br\/wp-json\/wp\/v2\/media?parent=4241"}],"wp:term":[{"taxonomy":"category","embeddable":true,"href":"https:\/\/mundodocarnaval.com.br\/pt_br\/wp-json\/wp\/v2\/categories?post=4241"},{"taxonomy":"post_tag","embeddable":true,"href":"https:\/\/mundodocarnaval.com.br\/pt_br\/wp-json\/wp\/v2\/tags?post=4241"}],"curies":[{"name":"wp","href":"https:\/\/api.w.org\/{rel}","templated":true}]}}