{"id":4250,"date":"2026-01-31T18:06:18","date_gmt":"2026-01-31T21:06:18","guid":{"rendered":"https:\/\/mundodocarnaval.com.br\/?p=4250"},"modified":"2026-01-31T18:06:18","modified_gmt":"2026-01-31T21:06:18","slug":"prefeito-eduardo-paes-lanca-pedra-fundamental-da-nova-quadra-da-unidos-da-tijuca","status":"publish","type":"post","link":"https:\/\/mundodocarnaval.com.br\/pt_br\/prefeito-eduardo-paes-lanca-pedra-fundamental-da-nova-quadra-da-unidos-da-tijuca\/","title":{"rendered":"Prefeito Eduardo Paes lan\u00e7a pedra fundamental da nova quadra da Unidos da Tijuca"},"content":{"rendered":"<p>Prefeito Eduardo Paes lan\u00e7a pedra fundamental da nova quadra da Unidos da Tijuca nesta quinta-feira<br \/>\nSede ser\u00e1 constru\u00edda em frente ao barrac\u00e3o da escola na Cidade do Samba<\/p>\n<p>A Unidos da Tijuca recebe oficialmente do prefeito do Rio de Janeiro, Eduardo Paes e do vice-prefeito Eduardo Cavaliere, nesta quinta-feira dia 29 de janeiro \u00e0s 18 horas, as chaves do terreno da nova quadra da agremia\u00e7\u00e3o que ser\u00e1 constru\u00edda no bairro da Gamboa. Vizinha ao barrac\u00e3o, onde s\u00e3o constru\u00eddas as alegorias e fantasias da escola, na Cidade do Samba, a nova quadra ficar\u00e1 pronta em 2026.<\/p>\n<p>&#8211;  Teremos uma quadra moderna e com grandes pretens\u00f5es. A \u00e1rea se revitalizou e a Unidos da Tijuca acompanhar\u00e1 esse novo momento da cidade. Proporcionaremos mais conforto aos sambistas, al\u00e9m de maior mobilidade no deslocamento dos componentes, pela localiza\u00e7\u00e3o pr\u00f3xima ao maior integrador de transporte p\u00fablico da capital carioca. Um pedido antigo ao presidente Eduardo Paes e muito aguardado pela Tijuca que se concretiza &#8211; avisa Horta.<\/p>\n<p>Desde 1993, ocupando o terreno situado \u00e0 Avenida Francisco Bicalho, na zona portu\u00e1ria, espa\u00e7o que pertencia \u00e0 Uni\u00e3o, administrado pelas Docas. Palco dos concorridos ensaios da agremia\u00e7\u00e3o, durante esses anos a quadra da Unidos da Tijuca na Zona Portu\u00e1ria se tornou um importante espa\u00e7o para o entretenimento na cidade do Rio de Janeiro. Oferecendo um ambiente agrad\u00e1vel e familiar, com samba de qualidade, frequentada por pessoas de todas as classes, ra\u00e7as e sexualidades, que procuram divers\u00e3o com conforto, respeito e seguran\u00e7a, al\u00e9m de receber cariocas de todas as idades e atrair turistas \u00e1vidos pela cultura brasileira do samba. <\/p>\n<p>A nova quadra da Unidos da Tijuca ser\u00e1 localizada na rua Rivadavia Correa n\u00ba105.<\/p>\n<p>Servi\u00e7o:<br \/>\nAn\u00fancio de Lan\u00e7amento da nova quadra da Unidos da Tijuca<br \/>\nRua Rivadavia Correia n\u00ba 105 &#8211; Gamboa<br \/>\n29\/01 \u00e0s 18h<br \/>\nEntrada Franca<br \/>\nClassifica\u00e7\u00e3o Livre<\/p>\n<p>Fotos: Geissa Evaristo<\/p>\n","protected":false},"excerpt":{"rendered":"<p>Prefeito Eduardo Paes lan\u00e7a pedra fundamental da nova quadra da Unidos da Tijuca nesta quinta-feira Sede ser\u00e1 constru\u00edda em frente ao barrac\u00e3o da escola na Cidade do Samba A Unidos da Tijuca recebe oficialmente do prefeito do Rio de Janeiro, Eduardo Paes e do vice-prefeito Eduardo Cavaliere, nesta quinta-feira dia 29 de janeiro \u00e0s 18 [&hellip;]<\/p>\n","protected":false},"author":1,"featured_media":4251,"comment_status":"closed","ping_status":"closed","sticky":false,"template":"","format":"standard","meta":{"footnotes":""},"categories":[12],"tags":[],"class_list":["post-4250","post","type-post","status-publish","format-standard","has-post-thumbnail","hentry","category-grupo-especial"],"_links":{"self":[{"href":"https:\/\/mundodocarnaval.com.br\/pt_br\/wp-json\/wp\/v2\/posts\/4250","targetHints":{"allow":["GET"]}}],"collection":[{"href":"https:\/\/mundodocarnaval.com.br\/pt_br\/wp-json\/wp\/v2\/posts"}],"about":[{"href":"https:\/\/mundodocarnaval.com.br\/pt_br\/wp-json\/wp\/v2\/types\/post"}],"author":[{"embeddable":true,"href":"https:\/\/mundodocarnaval.com.br\/pt_br\/wp-json\/wp\/v2\/users\/1"}],"replies":[{"embeddable":true,"href":"https:\/\/mundodocarnaval.com.br\/pt_br\/wp-json\/wp\/v2\/comments?post=4250"}],"version-history":[{"count":1,"href":"https:\/\/mundodocarnaval.com.br\/pt_br\/wp-json\/wp\/v2\/posts\/4250\/revisions"}],"predecessor-version":[{"id":4252,"href":"https:\/\/mundodocarnaval.com.br\/pt_br\/wp-json\/wp\/v2\/posts\/4250\/revisions\/4252"}],"wp:featuredmedia":[{"embeddable":true,"href":"https:\/\/mundodocarnaval.com.br\/pt_br\/wp-json\/wp\/v2\/media\/4251"}],"wp:attachment":[{"href":"https:\/\/mundodocarnaval.com.br\/pt_br\/wp-json\/wp\/v2\/media?parent=4250"}],"wp:term":[{"taxonomy":"category","embeddable":true,"href":"https:\/\/mundodocarnaval.com.br\/pt_br\/wp-json\/wp\/v2\/categories?post=4250"},{"taxonomy":"post_tag","embeddable":true,"href":"https:\/\/mundodocarnaval.com.br\/pt_br\/wp-json\/wp\/v2\/tags?post=4250"}],"curies":[{"name":"wp","href":"https:\/\/api.w.org\/{rel}","templated":true}]}}