{"id":4253,"date":"2026-01-31T18:14:56","date_gmt":"2026-01-31T21:14:56","guid":{"rendered":"https:\/\/mundodocarnaval.com.br\/?p=4253"},"modified":"2026-01-31T18:14:56","modified_gmt":"2026-01-31T21:14:56","slug":"entre-rio-e-mato-grosso-do-sul","status":"publish","type":"post","link":"https:\/\/mundodocarnaval.com.br\/pt_br\/entre-rio-e-mato-grosso-do-sul\/","title":{"rendered":"Entre Rio e Mato Grosso do Sul"},"content":{"rendered":"<p>Entre Rio e Mato Grosso do Sul, Renny Delmondes completar\u00e1 23 anos de Sapuca\u00ed<\/p>\n<p>Natural de Campo Grande, no Mato Grosso do Sul, Renny Delmondes chega ao seu 23\u00ba ano de participa\u00e7\u00e3o no Carnaval carioca consolidado como um nome de dedica\u00e7\u00e3o e paix\u00e3o pelo samba. Em 2026, ele vive um momento especial da sua trajet\u00f3ria: a estreia como muso da Unidos de Bangu, escola pela qual desfilar\u00e1 oficialmente pela primeira vez nesse posto.<\/p>\n<p>Apesar da novidade, Renny n\u00e3o \u00e9 estranho \u00e0 Marqu\u00eas de Sapuca\u00ed. Ao longo de sua caminhada no Carnaval do Rio de Janeiro, ele j\u00e1 teve passagens por agremia\u00e7\u00f5es tradicionais como Mangueira e Imp\u00e9rio da Tijuca.<\/p>\n<p>Dividindo a rotina entre o Rio de Janeiro e o Mato Grosso do Sul, Renny mant\u00e9m uma agenda intensa para estar presente nos compromissos da Unidos de Bangu. Integrado ao dia a dia da escola, ele sempre faz um bate e volta dos ensaios e dos eventos oficiais da agremia\u00e7\u00e3o.<\/p>\n<p>No \u00faltimo s\u00e1bado, Renny esteve na Marqu\u00eas de Sapuca\u00ed participando dos ensaios t\u00e9cnicos. Agora, o muso segue focado na prepara\u00e7\u00e3o final para o grande dia, ajustando cada detalhe para levar \u00e0 avenida samba no p\u00e9, representatividade e entrega total \u00e0 escola.<\/p>\n<p>Fotos: S1 Fotografia \/ Divulga\u00e7\u00e3o Gardel Assessoria<br \/>\nVideo: Jo\u00e3o Torres<\/p>\n","protected":false},"excerpt":{"rendered":"<p>Entre Rio e Mato Grosso do Sul, Renny Delmondes completar\u00e1 23 anos de Sapuca\u00ed Natural de Campo Grande, no Mato Grosso do Sul, Renny Delmondes chega ao seu 23\u00ba ano de participa\u00e7\u00e3o no Carnaval carioca consolidado como um nome de dedica\u00e7\u00e3o e paix\u00e3o pelo samba. Em 2026, ele vive um momento especial da sua trajet\u00f3ria: [&hellip;]<\/p>\n","protected":false},"author":1,"featured_media":4254,"comment_status":"closed","ping_status":"closed","sticky":false,"template":"","format":"standard","meta":{"footnotes":""},"categories":[11],"tags":[],"class_list":["post-4253","post","type-post","status-publish","format-standard","has-post-thumbnail","hentry","category-noticias"],"_links":{"self":[{"href":"https:\/\/mundodocarnaval.com.br\/pt_br\/wp-json\/wp\/v2\/posts\/4253","targetHints":{"allow":["GET"]}}],"collection":[{"href":"https:\/\/mundodocarnaval.com.br\/pt_br\/wp-json\/wp\/v2\/posts"}],"about":[{"href":"https:\/\/mundodocarnaval.com.br\/pt_br\/wp-json\/wp\/v2\/types\/post"}],"author":[{"embeddable":true,"href":"https:\/\/mundodocarnaval.com.br\/pt_br\/wp-json\/wp\/v2\/users\/1"}],"replies":[{"embeddable":true,"href":"https:\/\/mundodocarnaval.com.br\/pt_br\/wp-json\/wp\/v2\/comments?post=4253"}],"version-history":[{"count":1,"href":"https:\/\/mundodocarnaval.com.br\/pt_br\/wp-json\/wp\/v2\/posts\/4253\/revisions"}],"predecessor-version":[{"id":4255,"href":"https:\/\/mundodocarnaval.com.br\/pt_br\/wp-json\/wp\/v2\/posts\/4253\/revisions\/4255"}],"wp:featuredmedia":[{"embeddable":true,"href":"https:\/\/mundodocarnaval.com.br\/pt_br\/wp-json\/wp\/v2\/media\/4254"}],"wp:attachment":[{"href":"https:\/\/mundodocarnaval.com.br\/pt_br\/wp-json\/wp\/v2\/media?parent=4253"}],"wp:term":[{"taxonomy":"category","embeddable":true,"href":"https:\/\/mundodocarnaval.com.br\/pt_br\/wp-json\/wp\/v2\/categories?post=4253"},{"taxonomy":"post_tag","embeddable":true,"href":"https:\/\/mundodocarnaval.com.br\/pt_br\/wp-json\/wp\/v2\/tags?post=4253"}],"curies":[{"name":"wp","href":"https:\/\/api.w.org\/{rel}","templated":true}]}}