{"id":4256,"date":"2026-01-31T18:23:24","date_gmt":"2026-01-31T21:23:24","guid":{"rendered":"https:\/\/mundodocarnaval.com.br\/?p=4256"},"modified":"2026-01-31T18:23:24","modified_gmt":"2026-01-31T21:23:24","slug":"mulambo-leva-pintura-ao-vivo-a-sapucai","status":"publish","type":"post","link":"https:\/\/mundodocarnaval.com.br\/pt_br\/mulambo-leva-pintura-ao-vivo-a-sapucai\/","title":{"rendered":"Mulamb\u00f6 leva pintura ao vivo \u00e0 Sapuca\u00ed"},"content":{"rendered":"<p>Mulamb\u00f6 leva pintura ao vivo \u00e0 Sapuca\u00ed em homenagem ao legado de Heitor dos Prazeres pela Unidos de Vila Isabel<\/p>\n<p>A Unidos de Vila Isabel promete um dos momentos mais simb\u00f3licos e contempor\u00e2neos do Carnaval 2026. O artista visual Mulamb\u00f6 desfilar\u00e1 na Marqu\u00eas de Sapuca\u00ed representando o legado de Heitor dos Prazeres em uma a\u00e7\u00e3o in\u00e9dita: Mulamb\u00f6 seguir\u00e1 pela avenida em um trip\u00e9, realizando uma pintura ao vivo durante o desfile da escola.<\/p>\n<p>Mulamb\u00f6 construiu uma trajet\u00f3ria marcada pela valoriza\u00e7\u00e3o do territ\u00f3rio, da mem\u00f3ria afetiva, da cultura popular e da ancestralidade negra. Sua obra transita entre pintura, objetos, bandeiras, instala\u00e7\u00f5es e o samba. Linguagens que dialogam diretamente com o universo de Heitor dos Prazeres, artista fundamental da cultura brasileira e da hist\u00f3ria do Carnaval.<\/p>\n<p>A a\u00e7\u00e3o proposta pelos carnavalescos Gabriel Haddad e Leonardo Bora transforma a avenida em ateli\u00ea e o desfile em um gesto art\u00edstico vivo, aproximando o p\u00fablico da pot\u00eancia criativa que marcou tanto Heitor dos Prazeres quanto a produ\u00e7\u00e3o contempor\u00e2nea de Mulamb\u00f6. Mais do que uma homenagem est\u00e9tica, o momento estabelece um elo entre gera\u00e7\u00f5es, reafirmando o samba como espa\u00e7o leg\u00edtimo de arte, mem\u00f3ria e resist\u00eancia.<\/p>\n<p>\u201cCelebrar a vida de Heitor com esse gesto \u00e9 a apoteose de uma homenagem que se completa no lugar onde ela faz mais sentido. Cantar o artista mais completo que este pa\u00eds j\u00e1 viu na maior festa de resist\u00eancia negra em forma de arte que existe. Heitor \u00e9 o samba, Heitor \u00e9 o Carnaval, Heitor \u00e9 o Brasil. E representar o seu legado fazendo uma pintura durante o desfile \u00e9 manter viva e acesa a chama do homem que iluminou o caminho n\u00e3o s\u00f3 para mim, mas para tantos artistas que vieram depois dele\u201d, afirma Mulamb\u00f6.<\/p>\n<p>Sob o enredo \u201cMacumbemb\u00ea, Samboremb\u00e1: Sonhei que um sambista sonhou a \u00c1frica\u201d, assinado pelos carnavalescos Gabriel Haddad e Leonardo Bora, com pesquisa de Vin\u00edcius Natal, a Vila Isabel vai exaltar a ancestralidade africana, os fundamentos do samba e a trajet\u00f3ria de Heitor dos Prazeres, \u00edcone da cultura popular brasileira.<\/p>\n<p>Os ensaios de rua acontecem todas as quartas-feiras, at\u00e9 o desfile oficial. A Unidos de Vila Isabel ser\u00e1 a segunda escola a desfilar na ter\u00e7a-feira, 17 de fevereiro de 2026.<\/p>\n","protected":false},"excerpt":{"rendered":"<p>Mulamb\u00f6 leva pintura ao vivo \u00e0 Sapuca\u00ed em homenagem ao legado de Heitor dos Prazeres pela Unidos de Vila Isabel A Unidos de Vila Isabel promete um dos momentos mais simb\u00f3licos e contempor\u00e2neos do Carnaval 2026. O artista visual Mulamb\u00f6 desfilar\u00e1 na Marqu\u00eas de Sapuca\u00ed representando o legado de Heitor dos Prazeres em uma a\u00e7\u00e3o [&hellip;]<\/p>\n","protected":false},"author":1,"featured_media":4257,"comment_status":"closed","ping_status":"closed","sticky":false,"template":"","format":"standard","meta":{"footnotes":""},"categories":[12],"tags":[],"class_list":["post-4256","post","type-post","status-publish","format-standard","has-post-thumbnail","hentry","category-grupo-especial"],"_links":{"self":[{"href":"https:\/\/mundodocarnaval.com.br\/pt_br\/wp-json\/wp\/v2\/posts\/4256","targetHints":{"allow":["GET"]}}],"collection":[{"href":"https:\/\/mundodocarnaval.com.br\/pt_br\/wp-json\/wp\/v2\/posts"}],"about":[{"href":"https:\/\/mundodocarnaval.com.br\/pt_br\/wp-json\/wp\/v2\/types\/post"}],"author":[{"embeddable":true,"href":"https:\/\/mundodocarnaval.com.br\/pt_br\/wp-json\/wp\/v2\/users\/1"}],"replies":[{"embeddable":true,"href":"https:\/\/mundodocarnaval.com.br\/pt_br\/wp-json\/wp\/v2\/comments?post=4256"}],"version-history":[{"count":1,"href":"https:\/\/mundodocarnaval.com.br\/pt_br\/wp-json\/wp\/v2\/posts\/4256\/revisions"}],"predecessor-version":[{"id":4258,"href":"https:\/\/mundodocarnaval.com.br\/pt_br\/wp-json\/wp\/v2\/posts\/4256\/revisions\/4258"}],"wp:featuredmedia":[{"embeddable":true,"href":"https:\/\/mundodocarnaval.com.br\/pt_br\/wp-json\/wp\/v2\/media\/4257"}],"wp:attachment":[{"href":"https:\/\/mundodocarnaval.com.br\/pt_br\/wp-json\/wp\/v2\/media?parent=4256"}],"wp:term":[{"taxonomy":"category","embeddable":true,"href":"https:\/\/mundodocarnaval.com.br\/pt_br\/wp-json\/wp\/v2\/categories?post=4256"},{"taxonomy":"post_tag","embeddable":true,"href":"https:\/\/mundodocarnaval.com.br\/pt_br\/wp-json\/wp\/v2\/tags?post=4256"}],"curies":[{"name":"wp","href":"https:\/\/api.w.org\/{rel}","templated":true}]}}