{"id":4259,"date":"2026-01-31T18:39:24","date_gmt":"2026-01-31T21:39:24","guid":{"rendered":"https:\/\/mundodocarnaval.com.br\/?p=4259"},"modified":"2026-01-31T18:39:24","modified_gmt":"2026-01-31T21:39:24","slug":"pre-carnaval-favela-mundo-promove-curso-gratuito-de-customizacao-de-abadas","status":"publish","type":"post","link":"https:\/\/mundodocarnaval.com.br\/pt_br\/pre-carnaval-favela-mundo-promove-curso-gratuito-de-customizacao-de-abadas\/","title":{"rendered":"Pr\u00e9-carnaval: Favela Mundo promove curso gratuito de customiza\u00e7\u00e3o de abad\u00e1s"},"content":{"rendered":"<p>Pr\u00e9-carnaval: Favela Mundo promove curso gratuito de customiza\u00e7\u00e3o de abad\u00e1s para quem est\u00e1 em busca de oportunidade de emprego<br \/>\nAula ser\u00e1 realizada na comunidade do Caju no dia 04\/02. S\u00e3o oferecidas 30 vagas<\/p>\n<p>A ONG Favela Mundo est\u00e1 com inscri\u00e7\u00f5es abertas para a quarta edi\u00e7\u00e3o do workshop gratuito de customiza\u00e7\u00e3o de abad\u00e1s para o carnaval. Desta vez, o curso ser\u00e1 realizado na comunidade do Caju. S\u00e3o oferecidas 30 vagas para maiores de 18 anos, sem limite de idade. As pessoas interessadas podem se inscrever, presencialmente, no Ciep Henfil, localizado na Rua Carlos Seidl, s\/n, no Caju. \u00c9 necess\u00e1rio apresentar xerox de CPF e RG e chegar, no m\u00ednimo, com trinta minutos de anteced\u00eancia.<\/p>\n<p>A aula, que acontece na pr\u00f3xima quarta-feira (4\/02), das 9h \u00e0s 13h, ter\u00e1 quatro horas intensas de pr\u00e1tica, com foco em corte, modelagem e decora\u00e7\u00e3o de abad\u00e1s, explorando modelos atuais e tend\u00eancias do carnaval.<\/p>\n<p>\u201cO workshop \u00e9 voltado para pessoas que desejam se capacitar, aperfei\u00e7oar suas habilidades ou evoluir profissionalmente na \u00e1rea da customiza\u00e7\u00e3o. Tudo com orienta\u00e7\u00e3o pr\u00e1tica e m\u00e3o na massa do come\u00e7o ao fim. Al\u00e9m do aprendizado, os participantes poder\u00e3o ser indicados para oportunidades de trabalho ainda neste carnaval, de acordo com desempenho, dedica\u00e7\u00e3o e interesse demonstrado durante a atividade. N\u00e3o \u00e9 apenas uma aula, \u00e9 um porta de entrada para quem quer crescer na profiss\u00e3o&#8221;, destaca Renata Reluz, professora de Customiza\u00e7\u00e3o, Adere\u00e7os e Fantasias da ONG Favela Mundo.<\/p>\n<p>A ONG Favela Mundo teve in\u00edcio em 2010 e, desde ent\u00e3o, a organiza\u00e7\u00e3o n\u00e3o governamental \u00e9 a \u00fanica entidade brasileira chancelada pela ONU como \u201cModelo de Inclus\u00e3o Social nas Grandes Cidades\u201d. Todas as atividades oferecidas pela ONG s\u00e3o gratuitas.<\/p>\n<p>SERVI\u00c7O<\/p>\n<p>Inscri\u00e7\u00f5es abertas para workshop gratuito de abad\u00e1s para o carnaval da ONG Favela Mundo<br \/>\nData: quarta-feira (04\/02), das 9h \u00e0s 13h<br \/>\nLocal de inscri\u00e7\u00e3o: Ciep Henfil (Rua Carlos Seidl, 71 &#8211; Caju)<br \/>\nMais informa\u00e7\u00f5es pelo WhatsApp: 21 2236-4129<\/p>\n","protected":false},"excerpt":{"rendered":"<p>Pr\u00e9-carnaval: Favela Mundo promove curso gratuito de customiza\u00e7\u00e3o de abad\u00e1s para quem est\u00e1 em busca de oportunidade de emprego Aula ser\u00e1 realizada na comunidade do Caju no dia 04\/02. S\u00e3o oferecidas 30 vagas A ONG Favela Mundo est\u00e1 com inscri\u00e7\u00f5es abertas para a quarta edi\u00e7\u00e3o do workshop gratuito de customiza\u00e7\u00e3o de abad\u00e1s para o carnaval. [&hellip;]<\/p>\n","protected":false},"author":1,"featured_media":4260,"comment_status":"closed","ping_status":"closed","sticky":false,"template":"","format":"standard","meta":{"footnotes":""},"categories":[11],"tags":[],"class_list":["post-4259","post","type-post","status-publish","format-standard","has-post-thumbnail","hentry","category-noticias"],"_links":{"self":[{"href":"https:\/\/mundodocarnaval.com.br\/pt_br\/wp-json\/wp\/v2\/posts\/4259","targetHints":{"allow":["GET"]}}],"collection":[{"href":"https:\/\/mundodocarnaval.com.br\/pt_br\/wp-json\/wp\/v2\/posts"}],"about":[{"href":"https:\/\/mundodocarnaval.com.br\/pt_br\/wp-json\/wp\/v2\/types\/post"}],"author":[{"embeddable":true,"href":"https:\/\/mundodocarnaval.com.br\/pt_br\/wp-json\/wp\/v2\/users\/1"}],"replies":[{"embeddable":true,"href":"https:\/\/mundodocarnaval.com.br\/pt_br\/wp-json\/wp\/v2\/comments?post=4259"}],"version-history":[{"count":1,"href":"https:\/\/mundodocarnaval.com.br\/pt_br\/wp-json\/wp\/v2\/posts\/4259\/revisions"}],"predecessor-version":[{"id":4261,"href":"https:\/\/mundodocarnaval.com.br\/pt_br\/wp-json\/wp\/v2\/posts\/4259\/revisions\/4261"}],"wp:featuredmedia":[{"embeddable":true,"href":"https:\/\/mundodocarnaval.com.br\/pt_br\/wp-json\/wp\/v2\/media\/4260"}],"wp:attachment":[{"href":"https:\/\/mundodocarnaval.com.br\/pt_br\/wp-json\/wp\/v2\/media?parent=4259"}],"wp:term":[{"taxonomy":"category","embeddable":true,"href":"https:\/\/mundodocarnaval.com.br\/pt_br\/wp-json\/wp\/v2\/categories?post=4259"},{"taxonomy":"post_tag","embeddable":true,"href":"https:\/\/mundodocarnaval.com.br\/pt_br\/wp-json\/wp\/v2\/tags?post=4259"}],"curies":[{"name":"wp","href":"https:\/\/api.w.org\/{rel}","templated":true}]}}