{"id":4262,"date":"2026-01-31T18:45:17","date_gmt":"2026-01-31T21:45:17","guid":{"rendered":"https:\/\/mundodocarnaval.com.br\/?p=4262"},"modified":"2026-01-31T18:45:17","modified_gmt":"2026-01-31T21:45:17","slug":"aquecimento-da-sapucai-comeca-com-ensaios-tecnicos","status":"publish","type":"post","link":"https:\/\/mundodocarnaval.com.br\/pt_br\/aquecimento-da-sapucai-comeca-com-ensaios-tecnicos\/","title":{"rendered":"\u200b\u200bAquecimento da Sapuca\u00ed come\u00e7a com ensaios t\u00e9cnicos"},"content":{"rendered":"<p>Aquecimento da Sapuca\u00ed come\u00e7a com ensaios t\u00e9cnicos do Grupo Especial<br \/>\nEscolas de samba j\u00e1 usar\u00e3o luz e som oficiais de desfile, nos dias 30 e 31 de janeiro; 1\u00ba, 6, 7 e 8 de fevereiro<\/p>\n<p>Os ensaios t\u00e9cnicos do Grupo Especial come\u00e7am na pr\u00f3xima sexta-feira (30), naquele que ser\u00e1 o aquecimento da Sapuca\u00ed para o Rio Carnaval 2026. Cada escola de samba se apresentar\u00e1 duas vezes, j\u00e1 utilizando o som e a luz oficiais do desfile.<\/p>\n<p>Da mesma forma que ocorre desde a cria\u00e7\u00e3o, todos os ensaios s\u00e3o gratuitos. Para curtir os ensaios com conforto e tranquilidade, o foli\u00e3o poder\u00e1 levar normalmente itens como capa de chuva, carrinho de beb\u00ea, alimentos e bebidas destinados a consumo individual, por pessoa,<br \/>\ngarrafas pl\u00e1sticas e copos t\u00e9rmicos, al\u00e9m de latas, bolsas t\u00e9rmicas e<br \/>\ncoolers (em tamanho m\u00e1ximo de 40&#215;30 cm). N\u00e3o ser\u00e1 permitido levar animais, armas e objetos cortantes, bandeiras ou cartazes com conte\u00fado ofensivo ou incita\u00e7\u00e3o \u00e0 viol\u00eancia, cadeiras ou bancos, guarda-chuva, drone, garrafas e vasilhames ou copos de vidro, lasers, skate, bicicleta ou qualquer tipo de ve\u00edculo motorizado ou el\u00e9trico.<\/p>\n<p>Para atender o desfilante e o espectador, o transporte p\u00fablico vai estender o hor\u00e1rio de funcionamento. As esta\u00e7\u00f5es Pra\u00e7a Onze e Central, do Metr\u00f4 Rio, v\u00e3o funcionar at\u00e9 as 4h para os ensaios de sextas-feiras e at\u00e9 as 2h30 para s\u00e1bado e domingo. Os mesmos hor\u00e1rios ser\u00e3o utilizados para fechamento da esta\u00e7\u00e3o Central do Brasil da SuperVia.<\/p>\n<p>Quem retirou o ingresso digital por meio do aplicativo do Rio Carnaval pode apresentar o QR Code na entrada para acessar as arquibancadas ou frisas. J\u00e1 aqueles que desejam ir diretamente ter\u00e3o o acesso realizado por catracas, que permitem controlar o fluxo de pessoas em tempo real. Essa iniciativa ocorre ap\u00f3s ouvir o p\u00fablico e pedir permiss\u00e3o aos \u00f3rg\u00e3os de seguran\u00e7a, que haviam determinado o controle em reuni\u00e3o no Centro de Opera\u00e7\u00f5es Rio (COR).<\/p>\n<p>Confira o calend\u00e1rio completo dos ensaios t\u00e9cnicos:<\/p>\n<p>Sexta-feira \u2013 30\/1<br \/>\n21h \u2013 Acad\u00eamicos de Niter\u00f3i<br \/>\nMocidade Independente de Padre Miguel<br \/>\nEsta\u00e7\u00e3o Primeira de Mangueira<br \/>\nUnidos da Tijuca<\/p>\n<p>S\u00e1bado \u2013 31\/1<br \/>\n18h \u2013 Desfiles do Rio Carnaval Mirim<br \/>\n20h \u2013 Unidos de Vila Isabel<br \/>\nAcad\u00eamicos do Salgueiro<br \/>\nPara\u00edso do Tuiuti<br \/>\nPortela<\/p>\n<p>Domingo \u2013 1\/2<br \/>\n17h \u2013 Desfiles do Rio Carnaval Mirim<br \/>\n19h \u2013 Unidos do Viradouro<br \/>\nImperatriz Leopoldinense<br \/>\nAcad\u00eamicos do Grande Rio<br \/>\nBeija-Flor de Nil\u00f3polis<\/p>\n<p>Sexta-feira \u2013 6\/2<br \/>\n21h \u2013 Acad\u00eamicos de Niter\u00f3i<br \/>\nMocidade Independente de Padre Miguel<br \/>\nEsta\u00e7\u00e3o Primeira de Mangueira<br \/>\nUnidos da Tijuca<\/p>\n<p>S\u00e1bado \u2013 7\/2<br \/>\n18h \u2013 Lavagem da Passarela<br \/>\nEm seguida:<br \/>\nUnidos de Vila Isabel<br \/>\nAcad\u00eamicos do Salgueiro<br \/>\nPara\u00edso do Tuiuti<br \/>\nPortela<\/p>\n<p>Domingo \u2013 8\/2<br \/>\n17h30 \u2013 Desfiles do Rio Carnaval Mirim<br \/>\n19h \u2013 Unidos do Viradouro<br \/>\nImperatriz Leopoldinense<br \/>\nAcad\u00eamicos do Grande Rio<br \/>\nBeija-Flor de Nil\u00f3polis  <\/p>\n","protected":false},"excerpt":{"rendered":"<p>Aquecimento da Sapuca\u00ed come\u00e7a com ensaios t\u00e9cnicos do Grupo Especial Escolas de samba j\u00e1 usar\u00e3o luz e som oficiais de desfile, nos dias 30 e 31 de janeiro; 1\u00ba, 6, 7 e 8 de fevereiro Os ensaios t\u00e9cnicos do Grupo Especial come\u00e7am na pr\u00f3xima sexta-feira (30), naquele que ser\u00e1 o aquecimento da Sapuca\u00ed para o [&hellip;]<\/p>\n","protected":false},"author":1,"featured_media":4263,"comment_status":"closed","ping_status":"closed","sticky":false,"template":"","format":"standard","meta":{"footnotes":""},"categories":[12],"tags":[],"class_list":["post-4262","post","type-post","status-publish","format-standard","has-post-thumbnail","hentry","category-grupo-especial"],"_links":{"self":[{"href":"https:\/\/mundodocarnaval.com.br\/pt_br\/wp-json\/wp\/v2\/posts\/4262","targetHints":{"allow":["GET"]}}],"collection":[{"href":"https:\/\/mundodocarnaval.com.br\/pt_br\/wp-json\/wp\/v2\/posts"}],"about":[{"href":"https:\/\/mundodocarnaval.com.br\/pt_br\/wp-json\/wp\/v2\/types\/post"}],"author":[{"embeddable":true,"href":"https:\/\/mundodocarnaval.com.br\/pt_br\/wp-json\/wp\/v2\/users\/1"}],"replies":[{"embeddable":true,"href":"https:\/\/mundodocarnaval.com.br\/pt_br\/wp-json\/wp\/v2\/comments?post=4262"}],"version-history":[{"count":1,"href":"https:\/\/mundodocarnaval.com.br\/pt_br\/wp-json\/wp\/v2\/posts\/4262\/revisions"}],"predecessor-version":[{"id":4264,"href":"https:\/\/mundodocarnaval.com.br\/pt_br\/wp-json\/wp\/v2\/posts\/4262\/revisions\/4264"}],"wp:featuredmedia":[{"embeddable":true,"href":"https:\/\/mundodocarnaval.com.br\/pt_br\/wp-json\/wp\/v2\/media\/4263"}],"wp:attachment":[{"href":"https:\/\/mundodocarnaval.com.br\/pt_br\/wp-json\/wp\/v2\/media?parent=4262"}],"wp:term":[{"taxonomy":"category","embeddable":true,"href":"https:\/\/mundodocarnaval.com.br\/pt_br\/wp-json\/wp\/v2\/categories?post=4262"},{"taxonomy":"post_tag","embeddable":true,"href":"https:\/\/mundodocarnaval.com.br\/pt_br\/wp-json\/wp\/v2\/tags?post=4262"}],"curies":[{"name":"wp","href":"https:\/\/api.w.org\/{rel}","templated":true}]}}