{"id":4265,"date":"2026-01-31T18:54:11","date_gmt":"2026-01-31T21:54:11","guid":{"rendered":"https:\/\/mundodocarnaval.com.br\/?p=4265"},"modified":"2026-01-31T18:54:12","modified_gmt":"2026-01-31T21:54:12","slug":"cica-ferreira-emociona-no-ultimo-ensaio-de-rua-da-vila-isabel","status":"publish","type":"post","link":"https:\/\/mundodocarnaval.com.br\/pt_br\/cica-ferreira-emociona-no-ultimo-ensaio-de-rua-da-vila-isabel\/","title":{"rendered":"Ci\u00e7a Ferreira emociona no \u00faltimo ensaio de rua da Vila Isabel"},"content":{"rendered":"<p>Ci\u00e7a Ferreira emociona no \u00faltimo ensaio de rua da Vila Isabel antes da Sapuca\u00ed<br \/>\nMusa da comunidade 2026 atravessa a 28 de Setembro vestindo ancestralidade, f\u00e9 e a for\u00e7a de Clara Nunes<\/p>\n<p>No \u00faltimo ensaio de rua da Unidos de Vila Isabel, realizado na quarta-feira (28), a emo\u00e7\u00e3o tomou conta da Rua 28 de Setembro. Quem brilhou foi Ci\u00e7a Ferreira, musa da comunidade da escola, que viveu uma noite marcada por entrega, representatividade e conex\u00e3o com suas origens.<\/p>\n<p>\u201cSou prova viva de que sonhos podem se tornar realidade. Estar aqui, como musa da comunidade, vivendo tudo isso t\u00e3o intensamente, \u00e9 algo muito maior do que um dia imaginei. Agora a ansiedade s\u00f3 aumenta para o ensaio t\u00e9cnico de s\u00e1bado (31), porque cada passo deixa a Sapuca\u00ed mais perto\u201d, afirma Ci\u00e7a.<\/p>\n<p>Para a ocasi\u00e3o, Ci\u00e7a vestiu um figurino assinado por Sandro Moraes, criador, idealizador e customizador da pe\u00e7a, que traduziu em forma, textura e conceito a for\u00e7a simb\u00f3lica do samba feminino. O look foi confeccionado com a t\u00e9cnica do macram\u00ea, utilizando cerca de 190 metros de fio de malha com elastano, e teve como grande inspira\u00e7\u00e3o Clara Nunes, um dos maiores \u00edcones da m\u00fasica e da cultura popular brasileira.<\/p>\n<p>\u201cClara foi uma mulher \u00e0 frente do seu tempo. Nos anos 70, assumiu seus cabelos crespos, sua espiritualidade e suas origens afro de forma muito firme, sendo uma artista extremamente popular. Ela traz uma representatividade enorme at\u00e9 hoje\u201d, explica Sandro. A refer\u00eancia aparece nos adere\u00e7os ligados ao mar, nas tiaras e nos elementos que dialogam com a umbanda e o candombl\u00e9, marcas registradas da est\u00e9tica e da f\u00e9 da cantora.<\/p>\n<p>Al\u00e9m da ancestralidade, o figurino tamb\u00e9m dialoga com a moda contempor\u00e2nea. \u201cEu fa\u00e7o carnaval, mas trago a moda junto. Elementos marinhos est\u00e3o em alta, ent\u00e3o misturei essa tend\u00eancia com a ess\u00eancia do samba e com o macram\u00ea, criando uma pe\u00e7a que conversa com o presente sem perder a raiz\u201d, completa o artista.<\/p>\n<p>Para Ci\u00e7a Ferreira, cada passo na 28 de Setembro reafirma seu papel como representante da comunidade que a abra\u00e7ou. \u201cUsar esse look foi como vestir minha f\u00e9, minha hist\u00f3ria e meus ancestrais. Eu me senti forte, protegida e muito emocionada. \u00c9 uma responsabilidade enorme, mas tamb\u00e9m um orgulho imenso representar tantas mulheres da minha comunidade\u201d, declara a musa.<\/p>\n<p>Cr\u00e9dito das imagens: Marcelle Dantas<\/p>\n","protected":false},"excerpt":{"rendered":"<p>Ci\u00e7a Ferreira emociona no \u00faltimo ensaio de rua da Vila Isabel antes da Sapuca\u00ed Musa da comunidade 2026 atravessa a 28 de Setembro vestindo ancestralidade, f\u00e9 e a for\u00e7a de Clara Nunes No \u00faltimo ensaio de rua da Unidos de Vila Isabel, realizado na quarta-feira (28), a emo\u00e7\u00e3o tomou conta da Rua 28 de Setembro. [&hellip;]<\/p>\n","protected":false},"author":1,"featured_media":4266,"comment_status":"closed","ping_status":"closed","sticky":false,"template":"","format":"standard","meta":{"footnotes":""},"categories":[11],"tags":[],"class_list":["post-4265","post","type-post","status-publish","format-standard","has-post-thumbnail","hentry","category-noticias"],"_links":{"self":[{"href":"https:\/\/mundodocarnaval.com.br\/pt_br\/wp-json\/wp\/v2\/posts\/4265","targetHints":{"allow":["GET"]}}],"collection":[{"href":"https:\/\/mundodocarnaval.com.br\/pt_br\/wp-json\/wp\/v2\/posts"}],"about":[{"href":"https:\/\/mundodocarnaval.com.br\/pt_br\/wp-json\/wp\/v2\/types\/post"}],"author":[{"embeddable":true,"href":"https:\/\/mundodocarnaval.com.br\/pt_br\/wp-json\/wp\/v2\/users\/1"}],"replies":[{"embeddable":true,"href":"https:\/\/mundodocarnaval.com.br\/pt_br\/wp-json\/wp\/v2\/comments?post=4265"}],"version-history":[{"count":1,"href":"https:\/\/mundodocarnaval.com.br\/pt_br\/wp-json\/wp\/v2\/posts\/4265\/revisions"}],"predecessor-version":[{"id":4267,"href":"https:\/\/mundodocarnaval.com.br\/pt_br\/wp-json\/wp\/v2\/posts\/4265\/revisions\/4267"}],"wp:featuredmedia":[{"embeddable":true,"href":"https:\/\/mundodocarnaval.com.br\/pt_br\/wp-json\/wp\/v2\/media\/4266"}],"wp:attachment":[{"href":"https:\/\/mundodocarnaval.com.br\/pt_br\/wp-json\/wp\/v2\/media?parent=4265"}],"wp:term":[{"taxonomy":"category","embeddable":true,"href":"https:\/\/mundodocarnaval.com.br\/pt_br\/wp-json\/wp\/v2\/categories?post=4265"},{"taxonomy":"post_tag","embeddable":true,"href":"https:\/\/mundodocarnaval.com.br\/pt_br\/wp-json\/wp\/v2\/tags?post=4265"}],"curies":[{"name":"wp","href":"https:\/\/api.w.org\/{rel}","templated":true}]}}