{"id":4268,"date":"2026-01-31T18:59:59","date_gmt":"2026-01-31T21:59:59","guid":{"rendered":"https:\/\/mundodocarnaval.com.br\/?p=4268"},"modified":"2026-01-31T19:00:00","modified_gmt":"2026-01-31T22:00:00","slug":"liesa-lanca-album-com-os-sambas-enredo-do-rio-carnaval-mirim","status":"publish","type":"post","link":"https:\/\/mundodocarnaval.com.br\/pt_br\/liesa-lanca-album-com-os-sambas-enredo-do-rio-carnaval-mirim\/","title":{"rendered":"\u200b\u200bLiesa lan\u00e7a \u00e1lbum com os sambas-enredo do Rio Carnaval Mirim"},"content":{"rendered":"<p>Liesa lan\u00e7a \u00e1lbum com os sambas-enredo do Rio Carnaval Mirim 2026<br \/>\nDesfiles acontecem a partir deste s\u00e1bado (31)<\/p>\n<p>J\u00e1 est\u00e1 no ar nas principais plataformas de \u00e1udio o \u00e1lbum que traz os sambas-enredo do Rio Carnaval Mirim 2026. Ao todo, s\u00e3o 20 faixas, gravadas em est\u00fadio com a presen\u00e7a das pr\u00f3prias crian\u00e7as, que participam como m\u00fasicos e cantores. Para ouvir gratuitamente, basta acessar o link https:\/\/onerpm.link\/RioCarnavalMirim2026 e escolher a plataforma de prefer\u00eancia.<\/p>\n<p>De maneira in\u00e9dita, os desfiles mirins ser\u00e3o realizados em quatro diferentes datas. Al\u00e9m da sexta-feira (20), v\u00e9spera do S\u00e1bado das Campe\u00e3s, tamb\u00e9m haver\u00e1 apresenta\u00e7\u00f5es na abertura dos ensaios t\u00e9cnicos das agremia\u00e7\u00f5es adultas, no s\u00e1bado (31) e nos domingos (1\u00ba e 8), na Marqu\u00eas de Sapuca\u00ed.<\/p>\n<p>Confira a ordem dos desfiles:<\/p>\n<p>S\u00c1BADO &#8211; 31 DE JANEIRO<br \/>\nIn\u00edcio: 18h<br \/>\n1- Mi\u00fada da Cabu\u00e7u<br \/>\n2- Inocentes da Caprichosos<br \/>\n3- Imp\u00e9rio do Futuro<\/p>\n<p>DOMINGO &#8211; 1\u00ba DE FEVEREIRO<br \/>\nIn\u00edcio: 17h<br \/>\n1- Golfinhos do Rio de Janeiro<br \/>\n2- Ainda Existem Crian\u00e7as na Vila Kennedy<br \/>\n3- Petizes da Penha<\/p>\n<p>DOMINGO &#8211; 8 DE FEVEREIRO<br \/>\nIn\u00edcio: 17h30<br \/>\n1- Cora\u00e7\u00f5es Unidos do CIEP<br \/>\n2- Nova Gera\u00e7\u00e3o da Est\u00e1cio de S\u00e1<\/p>\n<p>SEXTA-FEIRA &#8211; 20 DE FEVEREIRO<br \/>\nIn\u00edcio: 17h<br \/>\n1- Infantes do Lins<br \/>\n2- Herdeiros da Vila<br \/>\n3- Pimpolhos da Grande Rio<br \/>\n4- Tijuquinha do Borel<br \/>\n5- Estrelinha da Mocidade<br \/>\n6- Mangueira do Amanh\u00e3<br \/>\n7- Aprendizes do Salgueiro<br \/>\n8- Sonho do Beija-Flor<br \/>\n9- Filhos da \u00c1guia<br \/>\n10- Crias Imperatriz<br \/>\n11- Netinhos do Tuiuti<br \/>\n12- Virando Esperan\u00e7a<\/p>\n","protected":false},"excerpt":{"rendered":"<p>Liesa lan\u00e7a \u00e1lbum com os sambas-enredo do Rio Carnaval Mirim 2026 Desfiles acontecem a partir deste s\u00e1bado (31) J\u00e1 est\u00e1 no ar nas principais plataformas de \u00e1udio o \u00e1lbum que traz os sambas-enredo do Rio Carnaval Mirim 2026. Ao todo, s\u00e3o 20 faixas, gravadas em est\u00fadio com a presen\u00e7a das pr\u00f3prias crian\u00e7as, que participam como [&hellip;]<\/p>\n","protected":false},"author":1,"featured_media":4269,"comment_status":"closed","ping_status":"closed","sticky":false,"template":"","format":"standard","meta":{"footnotes":""},"categories":[16],"tags":[],"class_list":["post-4268","post","type-post","status-publish","format-standard","has-post-thumbnail","hentry","category-escolas-mirins"],"_links":{"self":[{"href":"https:\/\/mundodocarnaval.com.br\/pt_br\/wp-json\/wp\/v2\/posts\/4268","targetHints":{"allow":["GET"]}}],"collection":[{"href":"https:\/\/mundodocarnaval.com.br\/pt_br\/wp-json\/wp\/v2\/posts"}],"about":[{"href":"https:\/\/mundodocarnaval.com.br\/pt_br\/wp-json\/wp\/v2\/types\/post"}],"author":[{"embeddable":true,"href":"https:\/\/mundodocarnaval.com.br\/pt_br\/wp-json\/wp\/v2\/users\/1"}],"replies":[{"embeddable":true,"href":"https:\/\/mundodocarnaval.com.br\/pt_br\/wp-json\/wp\/v2\/comments?post=4268"}],"version-history":[{"count":1,"href":"https:\/\/mundodocarnaval.com.br\/pt_br\/wp-json\/wp\/v2\/posts\/4268\/revisions"}],"predecessor-version":[{"id":4270,"href":"https:\/\/mundodocarnaval.com.br\/pt_br\/wp-json\/wp\/v2\/posts\/4268\/revisions\/4270"}],"wp:featuredmedia":[{"embeddable":true,"href":"https:\/\/mundodocarnaval.com.br\/pt_br\/wp-json\/wp\/v2\/media\/4269"}],"wp:attachment":[{"href":"https:\/\/mundodocarnaval.com.br\/pt_br\/wp-json\/wp\/v2\/media?parent=4268"}],"wp:term":[{"taxonomy":"category","embeddable":true,"href":"https:\/\/mundodocarnaval.com.br\/pt_br\/wp-json\/wp\/v2\/categories?post=4268"},{"taxonomy":"post_tag","embeddable":true,"href":"https:\/\/mundodocarnaval.com.br\/pt_br\/wp-json\/wp\/v2\/tags?post=4268"}],"curies":[{"name":"wp","href":"https:\/\/api.w.org\/{rel}","templated":true}]}}